{"id":12700,"date":"2021-04-06T16:55:13","date_gmt":"2021-04-06T21:55:13","guid":{"rendered":"https:\/\/encuentroinformativo.com.mx\/?p=12700"},"modified":"2021-04-06T16:55:18","modified_gmt":"2021-04-06T21:55:18","slug":"por-concluir-plazo-para-recoger-credencial-de-elector","status":"publish","type":"post","link":"https:\/\/encuentroinformativo.com.mx\/?p=12700","title":{"rendered":"Por concluir plazo para recoger credencial de elector"},"content":{"rendered":"\n<p>Xalapa, Ver.- El\u00a0delegado del Instituto Nacional\u00a0Electoral\u00a0(INE)\u00a0en\u00a0el Estado\u00a0de\u00a0Veracruz,\u00a0Josu\u00e9 Cervantes\u00a0Mart\u00ednez,\u00a0hizo\u00a0un llamado a\u00a0las\u00a0ciudadanas\u00a0y ciudadanos\u00a0que\u00a0a\u00fan no han recogido su Credencial para Votar a que acudan por ella\u00a0al\u00a0M\u00f3dulo\u00a0de Atenci\u00f3n Ciudadana del INE\u00a0donde realizaron su tr\u00e1mite. En Veracruz\u00a0hay\u00a071\u00a0M\u00f3dulos de foto\u00a0credencializaci\u00f3n.<\/p>\n\n\n\n<p>\u201cHacemos&nbsp;un llamado a la&nbsp;ciudadan\u00eda&nbsp;que realiz\u00f3&nbsp;su&nbsp;tr\u00e1mite en&nbsp;alguno de&nbsp;los M\u00f3dulos del INE&nbsp;en Veracruz&nbsp;antes del 10 de febrero&nbsp;y a\u00fan no recogen su Credencial para Votar, para que vayan por ella&nbsp;a&nbsp;la brevedad posible,&nbsp;porque&nbsp;el plazo vence el 10 de abril&nbsp;y sin su credencial&nbsp;para votar no&nbsp;podr\u00e1n&nbsp;sufragaren la&nbsp;Jornada&nbsp;Electoral del 6 de junio\u201d.&nbsp;<\/p>\n\n\n\n<p>Cervantes&nbsp;Mart\u00ednez&nbsp;precis\u00f3&nbsp;que, con este llamado,&nbsp;se busca convocar a&nbsp;la&nbsp;ciudadan\u00eda&nbsp;que&nbsp;solicit\u00f3&nbsp;su inscripci\u00f3n al Padr\u00f3n Electoral, notific\u00f3&nbsp;su cambio de domicilio&nbsp;o&nbsp;solicit\u00f3&nbsp;la correcci\u00f3n de datos&nbsp;antes del 10 de febrero&nbsp;y que, por falta de tiempo o por otras razones, no han ido por su nueva Credencial para Votar, para que acuda&nbsp;al M\u00f3dulo del INE en el que&nbsp;la solicitaron.<\/p>\n\n\n\n<p>\u201cEl&nbsp;pr\u00f3ximo&nbsp;s\u00e1bado&nbsp;10 de abril los&nbsp;M\u00f3dulos&nbsp;en el&nbsp;Estado&nbsp;de Veracruz&nbsp;tendr\u00e1n&nbsp;tres horarios de&nbsp;atenci\u00f3n:&nbsp;de 8:00 a 15:00 horas,&nbsp;los&nbsp;M\u00f3dulos&nbsp;Fijos&nbsp;con un turno y de 8:00 a 20:00 horaslos&nbsp;M\u00f3dulos&nbsp;Fijos&nbsp;con doble turno,&nbsp;mientras&nbsp;que los&nbsp;M\u00f3dulos Itinerantes&nbsp;ofrecer\u00e1n&nbsp;atenci\u00f3n al&nbsp;p\u00fablico&nbsp;en un&nbsp;horario de 9:00 a 16:00 horas\u201d.<\/p>\n\n\n\n<p>El&nbsp;tambi\u00e9n&nbsp;presidente del Consejo&nbsp;Local&nbsp;del INE&nbsp;en Veracruzse\u00f1al\u00f3 que los ciudadanos que&nbsp;requieran m\u00e1s informaci\u00f3n pueden consultar la p\u00e1gina de internet&nbsp;ine.mx&nbsp;o llamar&nbsp;gratis aINETEL&nbsp;800 433 2000.<\/p>\n","protected":false},"excerpt":{"rendered":"<p>Xalapa, Ver.- El\u00a0delegado del Instituto Nacional\u00a0Electoral\u00a0(INE)\u00a0en\u00a0el Estado\u00a0de\u00a0Veracruz,\u00a0Josu\u00e9 Cervantes\u00a0Mart\u00ednez,\u00a0hizo\u00a0un llamado a\u00a0las\u00a0ciudadanas\u00a0y ciudadanos\u00a0que\u00a0a\u00fan no han recogido su Credencial para Votar a que acudan por ella\u00a0al\u00a0M\u00f3dulo\u00a0de Atenci\u00f3n Ciudadana del INE\u00a0donde realizaron su tr\u00e1mite. En Veracruz\u00a0hay\u00a071\u00a0M\u00f3dulos de foto\u00a0credencializaci\u00f3n. \u201cHacemos&nbsp;un llamado a la&nbsp;ciudadan\u00eda&nbsp;que realiz\u00f3&nbsp;su&nbsp;tr\u00e1mite en&nbsp;alguno de&nbsp;los M\u00f3dulos del INE&nbsp;en Veracruz&nbsp;antes del 10 de febrero&nbsp;y a\u00fan no recogen su Credencial para [&hellip;]<\/p>\n","protected":false},"author":1,"featured_media":12701,"comment_status":"open","ping_status":"open","sticky":false,"template":"","format":"standard","meta":{"_jetpack_memberships_contains_paid_content":false,"footnotes":""},"categories":[2],"tags":[],"class_list":["post-12700","post","type-post","status-publish","format-standard","has-post-thumbnail","hentry","category-estado"],"jetpack_featured_media_url":"https:\/\/encuentroinformativo.com.mx\/wp-content\/uploads\/2021\/04\/D26248D9-24EA-4A36-837D-228A3D91B9ED.jpeg","jetpack_sharing_enabled":true,"jetpack_likes_enabled":true,"amp_enabled":true,"_links":{"self":[{"href":"https:\/\/encuentroinformativo.com.mx\/index.php?rest_route=\/wp\/v2\/posts\/12700","targetHints":{"allow":["GET"]}}],"collection":[{"href":"https:\/\/encuentroinformativo.com.mx\/index.php?rest_route=\/wp\/v2\/posts"}],"about":[{"href":"https:\/\/encuentroinformativo.com.mx\/index.php?rest_route=\/wp\/v2\/types\/post"}],"author":[{"embeddable":true,"href":"https:\/\/encuentroinformativo.com.mx\/index.php?rest_route=\/wp\/v2\/users\/1"}],"replies":[{"embeddable":true,"href":"https:\/\/encuentroinformativo.com.mx\/index.php?rest_route=%2Fwp%2Fv2%2Fcomments&post=12700"}],"version-history":[{"count":1,"href":"https:\/\/encuentroinformativo.com.mx\/index.php?rest_route=\/wp\/v2\/posts\/12700\/revisions"}],"predecessor-version":[{"id":12702,"href":"https:\/\/encuentroinformativo.com.mx\/index.php?rest_route=\/wp\/v2\/posts\/12700\/revisions\/12702"}],"wp:featuredmedia":[{"embeddable":true,"href":"https:\/\/encuentroinformativo.com.mx\/index.php?rest_route=\/wp\/v2\/media\/12701"}],"wp:attachment":[{"href":"https:\/\/encuentroinformativo.com.mx\/index.php?rest_route=%2Fwp%2Fv2%2Fmedia&parent=12700"}],"wp:term":[{"taxonomy":"category","embeddable":true,"href":"https:\/\/encuentroinformativo.com.mx\/index.php?rest_route=%2Fwp%2Fv2%2Fcategories&post=12700"},{"taxonomy":"post_tag","embeddable":true,"href":"https:\/\/encuentroinformativo.com.mx\/index.php?rest_route=%2Fwp%2Fv2%2Ftags&post=12700"}],"curies":[{"name":"wp","href":"https:\/\/api.w.org\/{rel}","templated":true}]}}