{"id":12703,"date":"2021-04-07T09:23:03","date_gmt":"2021-04-07T14:23:03","guid":{"rendered":"https:\/\/encuentroinformativo.com.mx\/?p=12703"},"modified":"2021-04-07T09:23:08","modified_gmt":"2021-04-07T14:23:08","slug":"las-fotos-sin-y-con-david","status":"publish","type":"post","link":"https:\/\/encuentroinformativo.com.mx\/?p=12703","title":{"rendered":"Las fotos sin y con David"},"content":{"rendered":"\n<p><strong>Los Pol\u00edticos<\/strong><\/p>\n\n\n\n<p><strong>Salvador Mu\u00f1oz<\/strong><\/p>\n\n\n\n<p>Hace ya un a\u00f1o, all\u00e1 por febrero, que Regina Velasco Casazza y Bingen Rementer\u00eda contrajeron matrimonio por la v\u00eda civil en una residencia del Estero. Recuerdo que alguna ocasi\u00f3n, el diputado local me dijo que ya llevaban f\u00e1cil, cerca de ocho a\u00f1os de noviazgo. Si bien, pudiera parecer una novela rom\u00e1ntica perfecta para la secci\u00f3n de sociales, las familias que involucran a este matrimonio hacen imposible dejar a un lado la pol\u00edtica. Por eso, en su momento, apuntamos la fortaleza que pol\u00edticamente, crear\u00edan las familias de los entonces novios: Los Rementer\u00eda y los Chedraui.<\/p>\n\n\n\n<p>Aquella ocasi\u00f3n que escrib\u00ed sobre este tema, ofrec\u00ed disculpas a los novios por revolver romanticismo con pol\u00edtica, pero es la naturaleza de quien escribe, sin pretensi\u00f3n de que lo plasmado en letras, empa\u00f1e su querer\u2026 hoy, nuevamente les ofrezco disculpas pero no hay aviesas intenciones al redactar lo siguiente.<\/p>\n\n\n\n<p>Los Rementer\u00eda apostaron a Guzm\u00e1n Avil\u00e9s y ganaron. Si bien, hasta este momento, las cosas parecen no acomodarse en el sentido total de lo que ellos quisieran, hay que entender tambi\u00e9n que en pol\u00edtica no es lo que se quiere, sino hasta donde se puede\u2026 Todo indica que Julen acabar\u00e1 como Coordinador del PAN en el Senado\u2026 \u00bfy Bingen? Si las cosas permanecen como hasta ahora, \u00bfpor qu\u00e9 no pensar en una pluri?<\/p>\n\n\n\n<p>Por el lado de los Chedraui, no hay que olvidar de qui\u00e9n es sobrina Regina Velasco Casazza: S\u00ed, del candidato por la Alianza Vamos por Xalapa, David Velasco Chedraui. Y para entender un poquito m\u00e1s esto, hay que remontarnos a dos im\u00e1genes; una, sin David; la otra, con David&#8230;<\/p>\n\n\n\n<p>La primera foto:<br>Hace meses, circul\u00f3 por redes sociales la foto de tres personajes\u2026 Joaqu\u00edn Guzm\u00e1n Avil\u00e9s, Marko Cort\u00e9s y Lino Jim\u00e9nez G\u00f3mez. A simple vista, pudo haber dicho poco m\u00e1s que la relaci\u00f3n o reuni\u00f3n entre dirigentes estatal y nacional acompa\u00f1ados por un invitado, pero ese convidado habr\u00eda que primero dimensionarlo como amigo de David Velasco Chedraui y un aliado del Chapito.<\/p>\n\n\n\n<p>La segunda foto:<\/p>\n\n\n\n<p>\u00c9sta estaba bajo reserva y habr\u00eda de salir en su momento. \u00bfY cu\u00e1ndo fue ese momento? Cuando la Alianza dio como su candidato a David Velasco Chedraui. As\u00ed, en las redes sociales, hace poco se movi\u00f3 esta foto con cuatro personajes: Joaqu\u00edn Guzm\u00e1n Avil\u00e9s, David Velasco Chedraui, Marko Cort\u00e9s y Julen Rementer\u00eda.<\/p>\n\n\n\n<p>De aquella vez que se tomaron esa foto a la fecha, muchas aguas se movieron pero si hoy la Alianza tiene a Velasco Chedraui como carta para pujar por la presidencia municipal de la capital veracruzana, es por el papel que sin duda, muchos tuvieron, est\u00e9n o no en esas fotos.<\/p>\n\n\n\n<p>Por el lado del PAN, Joaqu\u00edn Guzm\u00e1n Avil\u00e9s y Julen Rementer\u00eda.<\/p>\n\n\n\n<p>Por el lado del PRI, por supuesto que el dirigente estatal del Partido, Marlon Ram\u00edrez quien estuvo en el teje y maneje hablando con Alito. Tampoco hay que descartar a Adolfo Mota Hern\u00e1ndez, quien cuenta con una buena amistad con Marko Cort\u00e9s.<\/p>\n\n\n\n<p>As\u00ed, de cierto modo, la candidatura de David Velasco viene a fortalecer a muchos actores, entre ellos, al mismo Chapito Guzm\u00e1n Avil\u00e9s, en su dirigencia estatal; al mismo Julen Rementer\u00eda en el Senado y pondr\u00eda su cereza, con la pluri para Bingen; a Adolfo Mota, quien cuenta con el respaldo de su amigo azul y s\u00ed, hasta al mismo Velasco Chedraui, quien al final, consolida m\u00e1s all\u00e1 de lo familiar, esa relaci\u00f3n entre su hoy sobrino pol\u00edtico, Bingen y Regina\u2026<\/p>\n\n\n\n<p>Por cierto, hace una semana, Regina y Bingen enlazaron su matrimonio por la v\u00eda religiosa all\u00e1, en Huixquilucan, Estado de M\u00e9xico, alejados del bullicio de la grilla porte\u00f1a\u2026 en una de \u00e9sas, podr\u00edamos estar hablando de que disfruta de una segunda luna de miel, digo, para sacarle provecho a la licencia que pidi\u00f3 en el Congreso a mediados de enero pasado\u2026 pero de esa boda, no tenemos foto.<\/p>\n\n\n\n<p><a href=\"mailto:smcainito@gmail.com\" target=\"_blank\" rel=\"noreferrer noopener\">smcainito@gmail.com<\/a><\/p>\n","protected":false},"excerpt":{"rendered":"<p>Los Pol\u00edticos Salvador Mu\u00f1oz Hace ya un a\u00f1o, all\u00e1 por febrero, que Regina Velasco Casazza y Bingen Rementer\u00eda contrajeron matrimonio por la v\u00eda civil en una residencia del Estero. Recuerdo que alguna ocasi\u00f3n, el diputado local me dijo que ya llevaban f\u00e1cil, cerca de ocho a\u00f1os de noviazgo. Si bien, pudiera parecer una novela rom\u00e1ntica [&hellip;]<\/p>\n","protected":false},"author":1,"featured_media":70,"comment_status":"open","ping_status":"open","sticky":false,"template":"","format":"standard","meta":{"_jetpack_memberships_contains_paid_content":false,"footnotes":""},"categories":[11],"tags":[],"class_list":["post-12703","post","type-post","status-publish","format-standard","has-post-thumbnail","hentry","category-opinion"],"jetpack_featured_media_url":"https:\/\/encuentroinformativo.com.mx\/wp-content\/uploads\/2020\/02\/opinion-invitado.jpg","jetpack_sharing_enabled":true,"jetpack_likes_enabled":true,"amp_enabled":true,"_links":{"self":[{"href":"https:\/\/encuentroinformativo.com.mx\/index.php?rest_route=\/wp\/v2\/posts\/12703","targetHints":{"allow":["GET"]}}],"collection":[{"href":"https:\/\/encuentroinformativo.com.mx\/index.php?rest_route=\/wp\/v2\/posts"}],"about":[{"href":"https:\/\/encuentroinformativo.com.mx\/index.php?rest_route=\/wp\/v2\/types\/post"}],"author":[{"embeddable":true,"href":"https:\/\/encuentroinformativo.com.mx\/index.php?rest_route=\/wp\/v2\/users\/1"}],"replies":[{"embeddable":true,"href":"https:\/\/encuentroinformativo.com.mx\/index.php?rest_route=%2Fwp%2Fv2%2Fcomments&post=12703"}],"version-history":[{"count":1,"href":"https:\/\/encuentroinformativo.com.mx\/index.php?rest_route=\/wp\/v2\/posts\/12703\/revisions"}],"predecessor-version":[{"id":12704,"href":"https:\/\/encuentroinformativo.com.mx\/index.php?rest_route=\/wp\/v2\/posts\/12703\/revisions\/12704"}],"wp:featuredmedia":[{"embeddable":true,"href":"https:\/\/encuentroinformativo.com.mx\/index.php?rest_route=\/wp\/v2\/media\/70"}],"wp:attachment":[{"href":"https:\/\/encuentroinformativo.com.mx\/index.php?rest_route=%2Fwp%2Fv2%2Fmedia&parent=12703"}],"wp:term":[{"taxonomy":"category","embeddable":true,"href":"https:\/\/encuentroinformativo.com.mx\/index.php?rest_route=%2Fwp%2Fv2%2Fcategories&post=12703"},{"taxonomy":"post_tag","embeddable":true,"href":"https:\/\/encuentroinformativo.com.mx\/index.php?rest_route=%2Fwp%2Fv2%2Ftags&post=12703"}],"curies":[{"name":"wp","href":"https:\/\/api.w.org\/{rel}","templated":true}]}}