{"id":12705,"date":"2021-04-07T12:47:51","date_gmt":"2021-04-07T17:47:51","guid":{"rendered":"https:\/\/encuentroinformativo.com.mx\/?p=12705"},"modified":"2021-04-07T12:47:57","modified_gmt":"2021-04-07T17:47:57","slug":"en-medellin-despiden-a-elemento-de-pc-por-apoyar-a-otro-partido-politico","status":"publish","type":"post","link":"https:\/\/encuentroinformativo.com.mx\/?p=12705","title":{"rendered":"En Medell\u00edn, despiden a elemento de PC por apoyar a otro partido pol\u00edtico"},"content":{"rendered":"\n<p><strong>Alejandro \u00c1vila<\/strong><\/p>\n\n\n\n<p>Medell\u00edn de Bravo, Ver.- Carlos Alberto Cadena Mej\u00eda, ex elemento de Protecci\u00f3n Civil del municipio de Medell\u00edn de Bravo, fue despedido de su trabajo en el Ayuntamiento, por presuntamente apoyar a un partido pol\u00edtico diferente a que encabeza la actual administraci\u00f3n.<\/p>\n\n\n\n<p>El brigadista, en sus d\u00edas francos, pertenece a la Asociaci\u00f3n Civil \u201cSiempre Mejorando la Atenci\u00f3n a Emergencias\u201d (SMAE), la cual brinda servicios de primeros auxilios en el municipio de Medell\u00edn de Bravo, debido a que es insuficiente el personal en la ciudad; esta asociaci\u00f3n cuenta con 22 voluntarios totalmente capacitados.<\/p>\n\n\n\n<p>\u201cSi me encuentro a una persona que yo s\u00e9 que es de X partido, es mentira que yo llegue y diga \u2018ay no, es de tal partido, yo no lo atiendo\u2019, eso no, no puede ser. No puede ser, porque para empezar me meto en problemas legales por omisi\u00f3n del auxilio, eso s\u00ed yo me puedo meter en problemas, entonces, aqu\u00ed no podemos ver ni color, ni sabor, ni nada, estamos para atender a quien nos solicite\u201d, resalt\u00f3 en entrevista.<\/p>\n\n\n\n<p>Cadena Mej\u00eda detall\u00f3 que durante la Semana Santa decidieron colocarse en la carretera Veracruz \u2013 El Tejar para dar a conocer la corporaci\u00f3n y recibir algunos donativos de empresarios y ciudadanos, pues no cuentan con recurso para operar y todo los medicamentos o equipo que utilizan en los rescates y auxilios, son donativos.<\/p>\n\n\n\n<p>Hace unos d\u00edas, mencion\u00f3, recibieron un donativo de medicamentos de un partido pol\u00edtico, Movimiento Ciudadano, el cual es diferente al que actualmente est\u00e1 en la administraci\u00f3n municipal, PAN; por lo que considera ah\u00ed se origin\u00f3 el problema.<\/p>\n\n\n\n<p>\u201cYo estoy consciente de que a veces la gente no entiende o algunos no entendemos, o no entienden el hecho de que hay personal que somos de vocaci\u00f3n de emergencias, y no podemos inmiscuir nada de pol\u00edtica o religiosos, aqu\u00ed estamos para atender a cualquier persona, para eso estamos\u201d, remat\u00f3.<\/p>\n","protected":false},"excerpt":{"rendered":"<p>Alejandro \u00c1vila Medell\u00edn de Bravo, Ver.- Carlos Alberto Cadena Mej\u00eda, ex elemento de Protecci\u00f3n Civil del municipio de Medell\u00edn de Bravo, fue despedido de su trabajo en el Ayuntamiento, por presuntamente apoyar a un partido pol\u00edtico diferente a que encabeza la actual administraci\u00f3n. El brigadista, en sus d\u00edas francos, pertenece a la Asociaci\u00f3n Civil \u201cSiempre [&hellip;]<\/p>\n","protected":false},"author":1,"featured_media":12706,"comment_status":"open","ping_status":"open","sticky":false,"template":"","format":"standard","meta":{"_jetpack_memberships_contains_paid_content":false,"footnotes":""},"categories":[2],"tags":[],"class_list":["post-12705","post","type-post","status-publish","format-standard","has-post-thumbnail","hentry","category-estado"],"jetpack_featured_media_url":"https:\/\/encuentroinformativo.com.mx\/wp-content\/uploads\/2021\/04\/7E0A1BAE-212D-4EF9-98EC-6FCCEBE1107E.jpeg","jetpack_sharing_enabled":true,"jetpack_likes_enabled":true,"amp_enabled":true,"_links":{"self":[{"href":"https:\/\/encuentroinformativo.com.mx\/index.php?rest_route=\/wp\/v2\/posts\/12705","targetHints":{"allow":["GET"]}}],"collection":[{"href":"https:\/\/encuentroinformativo.com.mx\/index.php?rest_route=\/wp\/v2\/posts"}],"about":[{"href":"https:\/\/encuentroinformativo.com.mx\/index.php?rest_route=\/wp\/v2\/types\/post"}],"author":[{"embeddable":true,"href":"https:\/\/encuentroinformativo.com.mx\/index.php?rest_route=\/wp\/v2\/users\/1"}],"replies":[{"embeddable":true,"href":"https:\/\/encuentroinformativo.com.mx\/index.php?rest_route=%2Fwp%2Fv2%2Fcomments&post=12705"}],"version-history":[{"count":1,"href":"https:\/\/encuentroinformativo.com.mx\/index.php?rest_route=\/wp\/v2\/posts\/12705\/revisions"}],"predecessor-version":[{"id":12707,"href":"https:\/\/encuentroinformativo.com.mx\/index.php?rest_route=\/wp\/v2\/posts\/12705\/revisions\/12707"}],"wp:featuredmedia":[{"embeddable":true,"href":"https:\/\/encuentroinformativo.com.mx\/index.php?rest_route=\/wp\/v2\/media\/12706"}],"wp:attachment":[{"href":"https:\/\/encuentroinformativo.com.mx\/index.php?rest_route=%2Fwp%2Fv2%2Fmedia&parent=12705"}],"wp:term":[{"taxonomy":"category","embeddable":true,"href":"https:\/\/encuentroinformativo.com.mx\/index.php?rest_route=%2Fwp%2Fv2%2Fcategories&post=12705"},{"taxonomy":"post_tag","embeddable":true,"href":"https:\/\/encuentroinformativo.com.mx\/index.php?rest_route=%2Fwp%2Fv2%2Ftags&post=12705"}],"curies":[{"name":"wp","href":"https:\/\/api.w.org\/{rel}","templated":true}]}}