{"id":12708,"date":"2021-04-07T13:03:43","date_gmt":"2021-04-07T18:03:43","guid":{"rendered":"https:\/\/encuentroinformativo.com.mx\/?p=12708"},"modified":"2021-04-07T13:03:47","modified_gmt":"2021-04-07T18:03:47","slug":"aplican-vacunas-a-poblacion-vulnerable-en-ceresos","status":"publish","type":"post","link":"https:\/\/encuentroinformativo.com.mx\/?p=12708","title":{"rendered":"Aplican vacunas a poblaci\u00f3n vulnerable en Ceresos"},"content":{"rendered":"\n<p><strong>Alejandro \u00c1vila<\/strong><\/p>\n\n\n\n<p>Poza Rica, Ver.- A principios de semana comenz\u00f3 la vacunaci\u00f3n en la zona norte de la entidad veracruzana la vacunaci\u00f3n contra COVID-19 para internos mayores de 60 a\u00f1os, siendo el primer punto el Centro de Readaptaci\u00f3n Social (CERESO) de Poza Rica.<\/p>\n\n\n\n<p>Personal de la Jurisdicci\u00f3n Sanitaria n\u00famero 3 fue la encargada de iniciar con la vacunaci\u00f3n a 24 adultos mayores que permanecen en el reclusorio; durante el proceso, el personal m\u00e9dico fue acompa\u00f1ado de elementos del Ej\u00e9rcito Mexicano.<\/p>\n\n\n\n<p>Esta acci\u00f3n es parte del Plan Nacional de Vacunaci\u00f3n y se espera que durante toda la semana se cumplan los centros penitenciarios de la zona norte, seg\u00fan indic\u00f3 el personal de Salud del Estado de Veracruz.<\/p>\n\n\n\n<p>Esta es la primer dosis que reciben los internos y se les aplic\u00f3 el qu\u00edmico Pfizer, mismo que se le coloc\u00f3 a los m\u00e1s de 30 mil adultos mayores en la ciudad de Poza Rica.<\/p>\n\n\n\n<p>De esta manera, en Poza Rica se cumpli\u00f3 ya con el objetivo total de adulto mayores vacunados en primera dosis, y continuar\u00e1 este esquema en otros reclusorios de la zona norte; en pr\u00f3ximas fechas, ser\u00e1 la misma Secretar\u00eda de Salud del Estado de Veracruz, la que anuncie las fechas para la segunda dosis de la vacuna Pfizer en la zona norte de la entidad.<\/p>\n","protected":false},"excerpt":{"rendered":"<p>Alejandro \u00c1vila Poza Rica, Ver.- A principios de semana comenz\u00f3 la vacunaci\u00f3n en la zona norte de la entidad veracruzana la vacunaci\u00f3n contra COVID-19 para internos mayores de 60 a\u00f1os, siendo el primer punto el Centro de Readaptaci\u00f3n Social (CERESO) de Poza Rica. Personal de la Jurisdicci\u00f3n Sanitaria n\u00famero 3 fue la encargada de iniciar [&hellip;]<\/p>\n","protected":false},"author":1,"featured_media":12709,"comment_status":"open","ping_status":"open","sticky":false,"template":"","format":"standard","meta":{"_jetpack_memberships_contains_paid_content":false,"footnotes":""},"categories":[2],"tags":[],"class_list":["post-12708","post","type-post","status-publish","format-standard","has-post-thumbnail","hentry","category-estado"],"jetpack_featured_media_url":"https:\/\/encuentroinformativo.com.mx\/wp-content\/uploads\/2021\/04\/DF9BD08E-92EB-43ED-B4C6-B212030F6575.jpeg","jetpack_sharing_enabled":true,"jetpack_likes_enabled":true,"amp_enabled":true,"_links":{"self":[{"href":"https:\/\/encuentroinformativo.com.mx\/index.php?rest_route=\/wp\/v2\/posts\/12708","targetHints":{"allow":["GET"]}}],"collection":[{"href":"https:\/\/encuentroinformativo.com.mx\/index.php?rest_route=\/wp\/v2\/posts"}],"about":[{"href":"https:\/\/encuentroinformativo.com.mx\/index.php?rest_route=\/wp\/v2\/types\/post"}],"author":[{"embeddable":true,"href":"https:\/\/encuentroinformativo.com.mx\/index.php?rest_route=\/wp\/v2\/users\/1"}],"replies":[{"embeddable":true,"href":"https:\/\/encuentroinformativo.com.mx\/index.php?rest_route=%2Fwp%2Fv2%2Fcomments&post=12708"}],"version-history":[{"count":1,"href":"https:\/\/encuentroinformativo.com.mx\/index.php?rest_route=\/wp\/v2\/posts\/12708\/revisions"}],"predecessor-version":[{"id":12710,"href":"https:\/\/encuentroinformativo.com.mx\/index.php?rest_route=\/wp\/v2\/posts\/12708\/revisions\/12710"}],"wp:featuredmedia":[{"embeddable":true,"href":"https:\/\/encuentroinformativo.com.mx\/index.php?rest_route=\/wp\/v2\/media\/12709"}],"wp:attachment":[{"href":"https:\/\/encuentroinformativo.com.mx\/index.php?rest_route=%2Fwp%2Fv2%2Fmedia&parent=12708"}],"wp:term":[{"taxonomy":"category","embeddable":true,"href":"https:\/\/encuentroinformativo.com.mx\/index.php?rest_route=%2Fwp%2Fv2%2Fcategories&post=12708"},{"taxonomy":"post_tag","embeddable":true,"href":"https:\/\/encuentroinformativo.com.mx\/index.php?rest_route=%2Fwp%2Fv2%2Ftags&post=12708"}],"curies":[{"name":"wp","href":"https:\/\/api.w.org\/{rel}","templated":true}]}}