{"id":12711,"date":"2021-04-07T13:36:10","date_gmt":"2021-04-07T18:36:10","guid":{"rendered":"https:\/\/encuentroinformativo.com.mx\/?p=12711"},"modified":"2021-04-07T13:36:14","modified_gmt":"2021-04-07T18:36:14","slug":"personas-con-discapacidad-prioridad-en-aplicacion-de-vacunas","status":"publish","type":"post","link":"https:\/\/encuentroinformativo.com.mx\/?p=12711","title":{"rendered":"Personas con discapacidad, prioridad en aplicaci\u00f3n de vacunas"},"content":{"rendered":"\n<p><strong>Alejandro \u00c1vila<\/strong><\/p>\n\n\n\n<p>Medell\u00edn de Bravo, Ver.- A pesar de que algunos s\u00ed se registraron en la plataforma digital para poder vacunarse en el municipio de Medell\u00edn de Bravo, el personal de salud encargado de aplicar la vacuna dio prioridad a los adultos mayores con discapacidad.<\/p>\n\n\n\n<p>Esta acci\u00f3n, lejos de generar un problema, fue totalmente entendida por el resto de personas que esperaban ser vacunados, as\u00ed como por los familiares que los acompa\u00f1aron; algunos de ellos, incluso pernoctaron afuera del Sal\u00f3n Social en la localidad de El Tejar, pues quer\u00edan ser de los primeros en recibir la dosis qu\u00edmica.<\/p>\n\n\n\n<p>La mayor\u00eda de los ciudadanos de Medell\u00edn de Bravo no laboran en el municipio y tienen que trasladarse a las ciudades vecinas como Veracruz y Boca del R\u00edo, motivo por el cual se vio una gran fila desde la madrugada, pues muchos familiares acompa\u00f1aron a sus adultos mayores a vacunarse, con la intenci\u00f3n de ser de los primeros y posteriormente dirigirse a sus respectivos trabajos.<\/p>\n\n\n\n<p>Cabe recordar que en el municipio de Medell\u00edn de Bravo se dispuso de tres m\u00f3dulos de vacunaci\u00f3n, los cuales est\u00e1n ubicados en las localidades de El Tejar, Paso del Toro y Los Robles.<\/p>\n\n\n\n<p>Los adultos mayores, como en el resto de las ciudades, llevaron su INE, CURP y comprobante de domicilio; y se presentaron desayunados, seg\u00fan las recomendaciones hechas por la Secretar\u00eda de Salud.<\/p>\n\n\n\n<p>Fueron cerca de cincuenta personas las que desde la noche de este martes hicieron fila en El Tejar para poder ser vacunados a la brevedad, a pesar de que la misma Secretar\u00eda de Salud a se\u00f1alado que no es necesario pernoctar en el lugar.<\/p>\n","protected":false},"excerpt":{"rendered":"<p>Alejandro \u00c1vila Medell\u00edn de Bravo, Ver.- A pesar de que algunos s\u00ed se registraron en la plataforma digital para poder vacunarse en el municipio de Medell\u00edn de Bravo, el personal de salud encargado de aplicar la vacuna dio prioridad a los adultos mayores con discapacidad. Esta acci\u00f3n, lejos de generar un problema, fue totalmente entendida [&hellip;]<\/p>\n","protected":false},"author":1,"featured_media":12712,"comment_status":"open","ping_status":"open","sticky":false,"template":"","format":"standard","meta":{"_jetpack_memberships_contains_paid_content":false,"footnotes":""},"categories":[9],"tags":[],"class_list":["post-12711","post","type-post","status-publish","format-standard","has-post-thumbnail","hentry","category-salud"],"jetpack_featured_media_url":"https:\/\/encuentroinformativo.com.mx\/wp-content\/uploads\/2021\/04\/F06F309B-AFA9-429F-95CA-9ADEC203BBB1.jpeg","jetpack_sharing_enabled":true,"jetpack_likes_enabled":true,"amp_enabled":true,"_links":{"self":[{"href":"https:\/\/encuentroinformativo.com.mx\/index.php?rest_route=\/wp\/v2\/posts\/12711","targetHints":{"allow":["GET"]}}],"collection":[{"href":"https:\/\/encuentroinformativo.com.mx\/index.php?rest_route=\/wp\/v2\/posts"}],"about":[{"href":"https:\/\/encuentroinformativo.com.mx\/index.php?rest_route=\/wp\/v2\/types\/post"}],"author":[{"embeddable":true,"href":"https:\/\/encuentroinformativo.com.mx\/index.php?rest_route=\/wp\/v2\/users\/1"}],"replies":[{"embeddable":true,"href":"https:\/\/encuentroinformativo.com.mx\/index.php?rest_route=%2Fwp%2Fv2%2Fcomments&post=12711"}],"version-history":[{"count":1,"href":"https:\/\/encuentroinformativo.com.mx\/index.php?rest_route=\/wp\/v2\/posts\/12711\/revisions"}],"predecessor-version":[{"id":12713,"href":"https:\/\/encuentroinformativo.com.mx\/index.php?rest_route=\/wp\/v2\/posts\/12711\/revisions\/12713"}],"wp:featuredmedia":[{"embeddable":true,"href":"https:\/\/encuentroinformativo.com.mx\/index.php?rest_route=\/wp\/v2\/media\/12712"}],"wp:attachment":[{"href":"https:\/\/encuentroinformativo.com.mx\/index.php?rest_route=%2Fwp%2Fv2%2Fmedia&parent=12711"}],"wp:term":[{"taxonomy":"category","embeddable":true,"href":"https:\/\/encuentroinformativo.com.mx\/index.php?rest_route=%2Fwp%2Fv2%2Fcategories&post=12711"},{"taxonomy":"post_tag","embeddable":true,"href":"https:\/\/encuentroinformativo.com.mx\/index.php?rest_route=%2Fwp%2Fv2%2Ftags&post=12711"}],"curies":[{"name":"wp","href":"https:\/\/api.w.org\/{rel}","templated":true}]}}