{"id":12716,"date":"2021-04-07T15:14:37","date_gmt":"2021-04-07T20:14:37","guid":{"rendered":"https:\/\/encuentroinformativo.com.mx\/?p=12716"},"modified":"2021-04-07T15:14:43","modified_gmt":"2021-04-07T20:14:43","slug":"recrudece-tala-escasez-de-agua-en-perote","status":"publish","type":"post","link":"https:\/\/encuentroinformativo.com.mx\/?p=12716","title":{"rendered":"Recrudece tala escasez de agua en Perote"},"content":{"rendered":"\n<p><strong>Juan Arcos<\/strong><\/p>\n\n\n\n<p>Perote, Ver.- Pobladores de la localidad La Gloria, municipio de Perote, sufren la escasez de agua durante esta temporada, debido a la incesante deforestaci\u00f3n que se ha registrado en la zona.<\/p>\n\n\n\n<p>Los ejidatarios atribuyen este problema a la tala clandestina en los lugares conocidos como Filo del Monte, Piedra Rajada, La Mesa y Tres Tortas.<\/p>\n\n\n\n<p>Los \u00e1rboles de distintas especies, como oyamel, pino colorado y encino est\u00e1n siendo talados en los l\u00edmites con el estado de Puebla.<\/p>\n\n\n\n<p>Lo anterior ha sido notorio tambi\u00e9n en el ejido Progreso, mismo que se encuentra en territorio de la entidad vecina.<\/p>\n\n\n\n<p>Las personas han reportado con frecuencia esta problem\u00e1tica a autoridades estatales y federales encargadas de la conservaci\u00f3n del medio ambiente.<\/p>\n\n\n\n<p>Calculan que desde hace una d\u00e9cada ha sido constante la tala de \u00e1rboles, de manera ilegal, en los territorios de ambos estados.<\/p>\n\n\n\n<p>De manera an\u00f3nima, comentan que la madera es comercializada a la industria automotriz, pues resulta un material importante para el ensamblado de veh\u00edculos en Puebla.<\/p>\n\n\n\n<p>Tambi\u00e9n denuncian que los troncos de los \u00e1rboles son vendidos a los aserraderos del municipio de Perote.<\/p>\n\n\n\n<p>Por tal motivo, piden nuevamente a la Secretar\u00eda del Medio Ambiente y Recursos Naturales (Semarnat), la Comisi\u00f3n Nacional Forestal (Conafor) y a las autoridades de las dos entidades que intervengan para frenar dicha situaci\u00f3n.<\/p>\n\n\n\n<p>\u201cPedimos que nos ayude el gobierno de Veracruz, el mismo gobierno de Puebla, la Conafor, la Semarnat. Aunque subimos a cuidar el bosque no nos damos abasto\u201d, enfatizaron.<\/p>\n","protected":false},"excerpt":{"rendered":"<p>Juan Arcos Perote, Ver.- Pobladores de la localidad La Gloria, municipio de Perote, sufren la escasez de agua durante esta temporada, debido a la incesante deforestaci\u00f3n que se ha registrado en la zona. Los ejidatarios atribuyen este problema a la tala clandestina en los lugares conocidos como Filo del Monte, Piedra Rajada, La Mesa y [&hellip;]<\/p>\n","protected":false},"author":1,"featured_media":12717,"comment_status":"open","ping_status":"open","sticky":false,"template":"","format":"standard","meta":{"_jetpack_memberships_contains_paid_content":false,"footnotes":""},"categories":[8],"tags":[],"class_list":["post-12716","post","type-post","status-publish","format-standard","has-post-thumbnail","hentry","category-region"],"jetpack_featured_media_url":"https:\/\/encuentroinformativo.com.mx\/wp-content\/uploads\/2021\/04\/FB64FAF8-2EB1-4177-88C0-2A7A7103D4AF.jpeg","jetpack_sharing_enabled":true,"jetpack_likes_enabled":true,"amp_enabled":true,"_links":{"self":[{"href":"https:\/\/encuentroinformativo.com.mx\/index.php?rest_route=\/wp\/v2\/posts\/12716","targetHints":{"allow":["GET"]}}],"collection":[{"href":"https:\/\/encuentroinformativo.com.mx\/index.php?rest_route=\/wp\/v2\/posts"}],"about":[{"href":"https:\/\/encuentroinformativo.com.mx\/index.php?rest_route=\/wp\/v2\/types\/post"}],"author":[{"embeddable":true,"href":"https:\/\/encuentroinformativo.com.mx\/index.php?rest_route=\/wp\/v2\/users\/1"}],"replies":[{"embeddable":true,"href":"https:\/\/encuentroinformativo.com.mx\/index.php?rest_route=%2Fwp%2Fv2%2Fcomments&post=12716"}],"version-history":[{"count":1,"href":"https:\/\/encuentroinformativo.com.mx\/index.php?rest_route=\/wp\/v2\/posts\/12716\/revisions"}],"predecessor-version":[{"id":12718,"href":"https:\/\/encuentroinformativo.com.mx\/index.php?rest_route=\/wp\/v2\/posts\/12716\/revisions\/12718"}],"wp:featuredmedia":[{"embeddable":true,"href":"https:\/\/encuentroinformativo.com.mx\/index.php?rest_route=\/wp\/v2\/media\/12717"}],"wp:attachment":[{"href":"https:\/\/encuentroinformativo.com.mx\/index.php?rest_route=%2Fwp%2Fv2%2Fmedia&parent=12716"}],"wp:term":[{"taxonomy":"category","embeddable":true,"href":"https:\/\/encuentroinformativo.com.mx\/index.php?rest_route=%2Fwp%2Fv2%2Fcategories&post=12716"},{"taxonomy":"post_tag","embeddable":true,"href":"https:\/\/encuentroinformativo.com.mx\/index.php?rest_route=%2Fwp%2Fv2%2Ftags&post=12716"}],"curies":[{"name":"wp","href":"https:\/\/api.w.org\/{rel}","templated":true}]}}