{"id":12722,"date":"2021-04-08T10:06:12","date_gmt":"2021-04-08T15:06:12","guid":{"rendered":"https:\/\/encuentroinformativo.com.mx\/?p=12722"},"modified":"2021-04-08T10:06:15","modified_gmt":"2021-04-08T15:06:15","slug":"la-fuerza-de-edith","status":"publish","type":"post","link":"https:\/\/encuentroinformativo.com.mx\/?p=12722","title":{"rendered":"La Fuerza de Edith"},"content":{"rendered":"\n<p><strong>Los Pol\u00edticos<\/strong><\/p>\n\n\n\n<p><strong>Salvador Mu\u00f1oz<\/strong><\/p>\n\n\n\n<p>Muy al contrario de algunos o quiz\u00e1s muchos, que previo a las elecciones levantan alguna asociaci\u00f3n civil o fundaci\u00f3n \u201cpara hacer algo\u201d por los dem\u00e1s; ella no, con su nombre basta y sobra para hacer\u2026 Edith Cervantes tiene 20 a\u00f1os de labor altruista que abarca no s\u00f3lo Veracruz, sino distintos puntos del pa\u00eds. Se indigna cuando habla de la inseguridad, de los feminicidios. Habla de empoderar a las mujeres sin llevar la intenci\u00f3n a lo politiquero. Ha vivido en carne propia la violencia pol\u00edtica de g\u00e9nero. Entiende lo que implica para muchos, no tener ni para medicamento o buscar opciones para tratamiento y lo concentra en una sola frase: \u201cel suelo donde ca\u00ed, lo convert\u00ed en cimientos para la reconstrucci\u00f3n de mi vida\u201d&#8230; La hab\u00edan desahuciado\u2026 Leucemia.<\/p>\n\n\n\n<p>II<\/p>\n\n\n\n<p>Edith Cervantes es candidata de Fuerza por M\u00e9xico a diputada federal por el Distrito XII. Dice que \u201cno es que de repente se haya metido a la pol\u00edtica\u201d, considera que de cierto modo, a trav\u00e9s de la gestor\u00eda que viene realizando a lo largo ya de 20 a\u00f1os, es una forma de hacer pol\u00edtica p\u00fablica. Dos ejemplos de ello:<\/p>\n\n\n\n<p>1.- Hace poco estuvo en Chihuahua, con un equipo de mujeres con capacidad, trayectoria y liderazgo. Al terminar de dar su discurso, una rar\u00e1muri se acerc\u00f3 a ella, la tom\u00f3 del brazo y s\u00f3lo le dijo: \u201c\u00a1S\u00ed voy!\u201d Hab\u00eda sido invitada esta mujer a participar como regidora, pero no se atrev\u00eda\u2026 hasta que escuch\u00f3 hablar a Edith Cervantes sobre el empoderamiento de la mujer, de sacar sus talentos, de impulsarla a alcanzar sus objetivos, de realizar sus sue\u00f1os, y entonces dijo: \u201c\u00a1S\u00ed voy!\u201d<\/p>\n\n\n\n<p>2.- En su m\u00e1s reciente actividad como candidata, una persona se acerc\u00f3 a solicitarle apoyo pero le dijo que no pertenec\u00eda al Distrito. Eso era lo de menos. Edith Cervantes lo atendi\u00f3 y est\u00e1 en la tarea de apoyar en lo que se pueda porque tiene en claro algo: para ayudar, no hay l\u00edmites.<\/p>\n\n\n\n<p>III<br>De la candidata, a Edith. Escritora, influencer, compositora\u2026 y si la provocamos, hasta cantante.<\/p>\n\n\n\n<p>\u00bfC\u00f3mo nace el gusto por escribir? Edith lo atrapa en un episodio de su vida que lo interpreta as\u00ed: triste pero bonito, casi como un parto, que en medio de tanto dolor, da vida\u2026 A ella le hab\u00edan declarado Leucemia y por sus condiciones, desahuciada. Luchar contra un veredicto la llev\u00f3 a buscar soluciones, respuestas. Luchar contra una silla de ruedas la llev\u00f3 a rebelarse contra el destino m\u00e9dico. Luchar por la vida, la llev\u00f3 a escribir \u201cLa Mujer de las Tormentas\u201d\u2026 y a partir de all\u00ed, sigue de pie, creando \u201cUna entidad llamada miedo\u201d, \u201cNoches P\u00farpura\u201d, \u201cEsencia, creencia y consecuencia\u201d, \u201cLas ninfas del pantano\u201d y \u201cDe asesinos a alquimistas\u201d, entre otros&#8230; casi puro \u201cthriller\u201d. Por cierto, nos cuenta que \u201cNoches P\u00farpura\u201d est\u00e1 contemplada para que Netflix Espa\u00f1a, la lleve a pel\u00edcula, mientras que \u201cLas ninfas del Pantano\u201d ser\u00e1 serie en M\u00e9xico\u2026<br>IV<br>Estuvo con Jenny Rivera. Le present\u00f3 ocho canciones de su autor\u00eda, entre ellas \u201cCuesti\u00f3n de Tiempo\u201d, \u201c\u00c1mame\u201d, \u201cEl\u00edxir de amor\u201d y \u201cSi mi brillo les molesta\u201d&#8230; tanto el productor como la cantante estaban fascinados con el repertorio de lo que ser\u00eda el siguiente \u00e1lbum de la californiana, pero el destino quiso otra cosa\u2026<\/p>\n\n\n\n<p>\u2013\u00bfY cantas? Digo, yo lo hago cuando me ba\u00f1o y lavo los trastes\u2026 \u2013como que se resiste\u2026 por lo que insisto\u2013 aunque sea un pedacito\u2026<\/p>\n\n\n\n<p>Edith Cervantes accede y empieza:<br>\u201cYa he ganado mil batallas \/<br>y hasta ahora sigo viva \/<\/p>\n\n\n\n<p>me he ca\u00eddo y levantado \/<\/p>\n\n\n\n<p>es la esencia de mi vida\u2026\u201d<\/p>\n\n\n\n<p>\u00a1Y se ech\u00f3 toda la canci\u00f3n de \u201cSi mi brillo les molesta\u201d!<br>(Subir\u00e9 el video al canal de youtube ma\u00f1ana\u2026 nom\u00e1s para que escuchen toda la canci\u00f3n y lo entonada)<\/p>\n\n\n\n<p>Edith Cervantes est\u00e1 lista para el debate en radio este 21 de abril bajo los colores de Fuerza por M\u00e9xico, un partido al que considera de mucha apertura para con las mujeres, \u201csin hipocres\u00edas como otros\u201d\u2026 ya la hab\u00edan invitado a participar en otros lados, pero se resist\u00eda, pero una amiga, su sensei, le dijo que ya era tiempo, \u201cve lo que haces afuera\u2026 imagina lo que puedes hacer desde adentro\u201d, y as\u00ed, igual que esa rar\u00e1muri convencida tras o\u00edr sus palabras, Edith Cervantes se dijo a s\u00ed misma: \u201c\u00a1S\u00ed voy!\u201d y hay candidata de Fuerza por M\u00e9xico a diputada federal por el distrito XII.<\/p>\n\n\n\n<p><a href=\"mailto:smcainito@gmail.com\" target=\"_blank\" rel=\"noreferrer noopener\">smcainito@gmail.com<\/a><\/p>\n","protected":false},"excerpt":{"rendered":"<p>Los Pol\u00edticos Salvador Mu\u00f1oz Muy al contrario de algunos o quiz\u00e1s muchos, que previo a las elecciones levantan alguna asociaci\u00f3n civil o fundaci\u00f3n \u201cpara hacer algo\u201d por los dem\u00e1s; ella no, con su nombre basta y sobra para hacer\u2026 Edith Cervantes tiene 20 a\u00f1os de labor altruista que abarca no s\u00f3lo Veracruz, sino distintos puntos [&hellip;]<\/p>\n","protected":false},"author":1,"featured_media":70,"comment_status":"open","ping_status":"open","sticky":false,"template":"","format":"standard","meta":{"_jetpack_memberships_contains_paid_content":false,"footnotes":""},"categories":[11],"tags":[],"class_list":["post-12722","post","type-post","status-publish","format-standard","has-post-thumbnail","hentry","category-opinion"],"jetpack_featured_media_url":"https:\/\/encuentroinformativo.com.mx\/wp-content\/uploads\/2020\/02\/opinion-invitado.jpg","jetpack_sharing_enabled":true,"jetpack_likes_enabled":true,"amp_enabled":true,"_links":{"self":[{"href":"https:\/\/encuentroinformativo.com.mx\/index.php?rest_route=\/wp\/v2\/posts\/12722","targetHints":{"allow":["GET"]}}],"collection":[{"href":"https:\/\/encuentroinformativo.com.mx\/index.php?rest_route=\/wp\/v2\/posts"}],"about":[{"href":"https:\/\/encuentroinformativo.com.mx\/index.php?rest_route=\/wp\/v2\/types\/post"}],"author":[{"embeddable":true,"href":"https:\/\/encuentroinformativo.com.mx\/index.php?rest_route=\/wp\/v2\/users\/1"}],"replies":[{"embeddable":true,"href":"https:\/\/encuentroinformativo.com.mx\/index.php?rest_route=%2Fwp%2Fv2%2Fcomments&post=12722"}],"version-history":[{"count":1,"href":"https:\/\/encuentroinformativo.com.mx\/index.php?rest_route=\/wp\/v2\/posts\/12722\/revisions"}],"predecessor-version":[{"id":12723,"href":"https:\/\/encuentroinformativo.com.mx\/index.php?rest_route=\/wp\/v2\/posts\/12722\/revisions\/12723"}],"wp:featuredmedia":[{"embeddable":true,"href":"https:\/\/encuentroinformativo.com.mx\/index.php?rest_route=\/wp\/v2\/media\/70"}],"wp:attachment":[{"href":"https:\/\/encuentroinformativo.com.mx\/index.php?rest_route=%2Fwp%2Fv2%2Fmedia&parent=12722"}],"wp:term":[{"taxonomy":"category","embeddable":true,"href":"https:\/\/encuentroinformativo.com.mx\/index.php?rest_route=%2Fwp%2Fv2%2Fcategories&post=12722"},{"taxonomy":"post_tag","embeddable":true,"href":"https:\/\/encuentroinformativo.com.mx\/index.php?rest_route=%2Fwp%2Fv2%2Ftags&post=12722"}],"curies":[{"name":"wp","href":"https:\/\/api.w.org\/{rel}","templated":true}]}}