{"id":12733,"date":"2021-04-08T13:02:03","date_gmt":"2021-04-08T18:02:03","guid":{"rendered":"https:\/\/encuentroinformativo.com.mx\/?p=12733"},"modified":"2021-04-08T13:02:06","modified_gmt":"2021-04-08T18:02:06","slug":"magistrados-confirmaron-mi-inocencia-tono-nemi","status":"publish","type":"post","link":"https:\/\/encuentroinformativo.com.mx\/?p=12733","title":{"rendered":"Magistrados confirmaron mi inocencia: To\u00f1o Nemi"},"content":{"rendered":"\n<p><strong>Dar\u00edo Pale <\/strong><\/p>\n\n\n\n<p>Xalapa, Ver.- El exsecretario de salud Juan Antonio Nemi Dib dio a conocer que por unanimidad los magistrados decretaron su inocencia por los delitos de abuso de autoridad e incumplimiento de un deber legal.<\/p>\n\n\n\n<p>En conferencia de prensa se\u00f1al\u00f3 que por unanimidad la ratificaci\u00f3n de los magistrados del &#8220;no ejercicio de la acci\u00f3n penal por probada inocencia y fabricaci\u00f3n de pruebas en su agravio&#8221;, por lo que\u00a0decretaron su inocencia por los delitos de abuso de autoridad e incumplimiento de un deber legal.<\/p>\n\n\n\n<p>Dio a conocer que todo lo que sucedi\u00f3 desde el momento de su detenci\u00f3n en el 23 de diciembre de 2017 y hasta la fecha, tiempo en el que fue torturado y obligado a firmar documentos en donde aceptada haber autorizado un contrato para la contrataci\u00f3n de la construcci\u00f3n de la Torre Pedi\u00e1trica, esto por \u00f3rdenes del fiscal Jorge Winkler.<\/p>\n\n\n\n<p>Expuso, junto con su abogado, Jos\u00e9 Luis Figueiras Hern\u00e1ndez, que el supuesto contrato se emiti\u00f3 el 28 de febrero de 2013 cuando todav\u00eda no era secretario de Salud, ya que tom\u00f3 posesi\u00f3n el 7 de marzo del mismo a\u00f1o.<\/p>\n\n\n\n<p>Finalmente Nemi Dib defini\u00f3 que si bien no cobrar\u00e1 venganza porque no debe guardar rencor en su coraz\u00f3n, lo \u00fanico que quiere es estar en paz tras cinco a\u00f1os de seguir un proceso.<\/p>\n","protected":false},"excerpt":{"rendered":"<p>Dar\u00edo Pale Xalapa, Ver.- El exsecretario de salud Juan Antonio Nemi Dib dio a conocer que por unanimidad los magistrados decretaron su inocencia por los delitos de abuso de autoridad e incumplimiento de un deber legal. En conferencia de prensa se\u00f1al\u00f3 que por unanimidad la ratificaci\u00f3n de los magistrados del &#8220;no ejercicio de la acci\u00f3n [&hellip;]<\/p>\n","protected":false},"author":1,"featured_media":12734,"comment_status":"open","ping_status":"open","sticky":false,"template":"","format":"standard","meta":{"_jetpack_memberships_contains_paid_content":false,"footnotes":""},"categories":[2],"tags":[],"class_list":["post-12733","post","type-post","status-publish","format-standard","has-post-thumbnail","hentry","category-estado"],"jetpack_featured_media_url":"https:\/\/encuentroinformativo.com.mx\/wp-content\/uploads\/2021\/04\/4A213E7B-AF42-4746-AF2F-2D7E9C7ECB27.jpeg","jetpack_sharing_enabled":true,"jetpack_likes_enabled":true,"amp_enabled":true,"_links":{"self":[{"href":"https:\/\/encuentroinformativo.com.mx\/index.php?rest_route=\/wp\/v2\/posts\/12733","targetHints":{"allow":["GET"]}}],"collection":[{"href":"https:\/\/encuentroinformativo.com.mx\/index.php?rest_route=\/wp\/v2\/posts"}],"about":[{"href":"https:\/\/encuentroinformativo.com.mx\/index.php?rest_route=\/wp\/v2\/types\/post"}],"author":[{"embeddable":true,"href":"https:\/\/encuentroinformativo.com.mx\/index.php?rest_route=\/wp\/v2\/users\/1"}],"replies":[{"embeddable":true,"href":"https:\/\/encuentroinformativo.com.mx\/index.php?rest_route=%2Fwp%2Fv2%2Fcomments&post=12733"}],"version-history":[{"count":1,"href":"https:\/\/encuentroinformativo.com.mx\/index.php?rest_route=\/wp\/v2\/posts\/12733\/revisions"}],"predecessor-version":[{"id":12735,"href":"https:\/\/encuentroinformativo.com.mx\/index.php?rest_route=\/wp\/v2\/posts\/12733\/revisions\/12735"}],"wp:featuredmedia":[{"embeddable":true,"href":"https:\/\/encuentroinformativo.com.mx\/index.php?rest_route=\/wp\/v2\/media\/12734"}],"wp:attachment":[{"href":"https:\/\/encuentroinformativo.com.mx\/index.php?rest_route=%2Fwp%2Fv2%2Fmedia&parent=12733"}],"wp:term":[{"taxonomy":"category","embeddable":true,"href":"https:\/\/encuentroinformativo.com.mx\/index.php?rest_route=%2Fwp%2Fv2%2Fcategories&post=12733"},{"taxonomy":"post_tag","embeddable":true,"href":"https:\/\/encuentroinformativo.com.mx\/index.php?rest_route=%2Fwp%2Fv2%2Ftags&post=12733"}],"curies":[{"name":"wp","href":"https:\/\/api.w.org\/{rel}","templated":true}]}}