{"id":12742,"date":"2021-04-07T18:48:00","date_gmt":"2021-04-07T23:48:00","guid":{"rendered":"https:\/\/encuentroinformativo.com.mx\/?p=12742"},"modified":"2021-04-08T14:52:16","modified_gmt":"2021-04-08T19:52:16","slug":"no-se-registraron-perdidas-humanas-en-incendio-de-refineria","status":"publish","type":"post","link":"https:\/\/encuentroinformativo.com.mx\/?p=12742","title":{"rendered":"No se registraron p\u00e9rdidas humanas en incendio de refiner\u00eda"},"content":{"rendered":"\n<p><strong>Juan Arcos<\/strong><\/p>\n\n\n\n<p>Xalapa, Ver.- La empresa Petr\u00f3leos Mexicanos (Pemex) inform\u00f3 que no se reportan fallecidos ni heridos de gravedad, tras el incendio registrado en la casa de bombas de transferencia de la refiner\u00eda \u201cGeneral L\u00e1zaro C\u00e1rdenas\u201d en el municipio de Minatitl\u00e1n, al sur del estado de Veracruz.<\/p>\n\n\n\n<p>Los pobladores reportaron por lo menos seis explosiones, mismas que iniciaron alrededor de las 17:00 horas de este mi\u00e9rcoles 7 de abril.\u00a0<br>El fuego y grandes columnas de humo negro alcanzaban a distinguirse desde varias colonias de esta ciudad petrolera, lo que alarm\u00f3 a la poblaci\u00f3n.<\/p>\n\n\n\n<p>En la atenci\u00f3n del incidente participan diversas brigadas de auxilio especializadas en seguridad Industrial de la empresa, as\u00ed como tambi\u00e9n, de la Coordinaci\u00f3n Nacional de Protecci\u00f3n Civil (CNPC), Secretar\u00eda de Protecci\u00f3n Civil de Veracruz (PC) y Protecci\u00f3n Civil municipal.<\/p>\n\n\n\n<p>Elementos de la Polic\u00eda Municipal de Minatitl\u00e1n, Ej\u00e9rcito Mexicano y Guardia Nacional mantienen un per\u00edmetro de seguridad, para evitar un mayor riesgo a la poblaci\u00f3n.<\/p>\n\n\n\n<p>Diversas personas se han presentado en la refiner\u00eda para preguntar por sus familiares que se encontraban laborando en el lugar cuando ocurrieron las explosiones.<\/p>\n\n\n\n<p>Personal de la Polic\u00eda Estatal y Tr\u00e1nsito del Estado realizaron cortes a la circulaci\u00f3n para brindar acceso a las unidades de emergencia, toda vez que hasta las 19:30 horas el incendio no hab\u00eda sido sofocado.<\/p>\n\n\n\n<p>Elementos de la Secretar\u00eda de Seguridad P\u00fablica (SSP) realizaron un perifoneo en la zona para alertar y solicitar a la poblaci\u00f3n que acate las recomendaciones de Protecci\u00f3n Civil, en caso de que sea necesario desalojar sus viviendas, para evitar un riesgo mayor.<\/p>\n\n\n\n<p>A las 19:35 horas, la empresa Petr\u00f3leos Mexicanos inform\u00f3 que se reporta controlado el incendio, sin que haya riesgos para la poblaci\u00f3n.<\/p>\n\n\n\n<p>Cabe destacar que esta refiner\u00eda es uno los emblemas petroleros de M\u00e9xico debido a que se ostenta como la m\u00e1s planta m\u00e1s antigua de su tipo construida en el pa\u00eds.<\/p>\n","protected":false},"excerpt":{"rendered":"<p>Juan Arcos Xalapa, Ver.- La empresa Petr\u00f3leos Mexicanos (Pemex) inform\u00f3 que no se reportan fallecidos ni heridos de gravedad, tras el incendio registrado en la casa de bombas de transferencia de la refiner\u00eda \u201cGeneral L\u00e1zaro C\u00e1rdenas\u201d en el municipio de Minatitl\u00e1n, al sur del estado de Veracruz. Los pobladores reportaron por lo menos seis explosiones, [&hellip;]<\/p>\n","protected":false},"author":1,"featured_media":12743,"comment_status":"open","ping_status":"open","sticky":false,"template":"","format":"standard","meta":{"_jetpack_memberships_contains_paid_content":false,"footnotes":""},"categories":[2],"tags":[],"class_list":["post-12742","post","type-post","status-publish","format-standard","has-post-thumbnail","hentry","category-estado"],"jetpack_featured_media_url":"https:\/\/encuentroinformativo.com.mx\/wp-content\/uploads\/2021\/04\/0D44754F-1BD7-48EC-A7AA-8E9292EFAEBF.jpeg","jetpack_sharing_enabled":true,"jetpack_likes_enabled":true,"amp_enabled":true,"_links":{"self":[{"href":"https:\/\/encuentroinformativo.com.mx\/index.php?rest_route=\/wp\/v2\/posts\/12742","targetHints":{"allow":["GET"]}}],"collection":[{"href":"https:\/\/encuentroinformativo.com.mx\/index.php?rest_route=\/wp\/v2\/posts"}],"about":[{"href":"https:\/\/encuentroinformativo.com.mx\/index.php?rest_route=\/wp\/v2\/types\/post"}],"author":[{"embeddable":true,"href":"https:\/\/encuentroinformativo.com.mx\/index.php?rest_route=\/wp\/v2\/users\/1"}],"replies":[{"embeddable":true,"href":"https:\/\/encuentroinformativo.com.mx\/index.php?rest_route=%2Fwp%2Fv2%2Fcomments&post=12742"}],"version-history":[{"count":1,"href":"https:\/\/encuentroinformativo.com.mx\/index.php?rest_route=\/wp\/v2\/posts\/12742\/revisions"}],"predecessor-version":[{"id":12744,"href":"https:\/\/encuentroinformativo.com.mx\/index.php?rest_route=\/wp\/v2\/posts\/12742\/revisions\/12744"}],"wp:featuredmedia":[{"embeddable":true,"href":"https:\/\/encuentroinformativo.com.mx\/index.php?rest_route=\/wp\/v2\/media\/12743"}],"wp:attachment":[{"href":"https:\/\/encuentroinformativo.com.mx\/index.php?rest_route=%2Fwp%2Fv2%2Fmedia&parent=12742"}],"wp:term":[{"taxonomy":"category","embeddable":true,"href":"https:\/\/encuentroinformativo.com.mx\/index.php?rest_route=%2Fwp%2Fv2%2Fcategories&post=12742"},{"taxonomy":"post_tag","embeddable":true,"href":"https:\/\/encuentroinformativo.com.mx\/index.php?rest_route=%2Fwp%2Fv2%2Ftags&post=12742"}],"curies":[{"name":"wp","href":"https:\/\/api.w.org\/{rel}","templated":true}]}}