{"id":12745,"date":"2021-04-08T15:08:42","date_gmt":"2021-04-08T20:08:42","guid":{"rendered":"https:\/\/encuentroinformativo.com.mx\/?p=12745"},"modified":"2021-04-08T15:08:46","modified_gmt":"2021-04-08T20:08:46","slug":"gregorio-n-es-preso-politico-afirma-prd","status":"publish","type":"post","link":"https:\/\/encuentroinformativo.com.mx\/?p=12745","title":{"rendered":"Gregorio \u201cN\u201d es preso pol\u00edtico, afirma PRD"},"content":{"rendered":"\n<p><strong>Juan Arcos <\/strong><\/p>\n\n\n\n<p>Xalapa, Ver.- Gregorio \u201cN\u201d candidato del Sol Azteca a la presidencia municipal de Tihuatl\u00e1n, fue detenido por polic\u00edas ministeriales, confirm\u00f3 el dirigente estatal del Partido de la Revoluci\u00f3n Democr\u00e1tica (PRD) en Veracruz, Sergio Cadena Mart\u00ednez.<\/p>\n\n\n\n<p>En conferencia de prensa, el l\u00edder estatal indic\u00f3 que el exalcalde de Tihuatl\u00e1n se encuentra preso en el municipio de \u00c1lamo Temapache y se desconoce el delito que se le imputa.<\/p>\n\n\n\n<p>A su juicio, se trat\u00f3 de una detenci\u00f3n ilegal, toda vez que los ministeriales no presentaron una orden judicial, por lo que podr\u00eda tratarse de un \u201cpreso pol\u00edtico\u201d.<\/p>\n\n\n\n<p>\u201cGoyo es un fuerte aspirante por Tihuatl\u00e1n y que, con el respaldo de la gente, sin lugar a dudas gana la elecci\u00f3n. Goyo se ha convertido en un importante l\u00edder de toda esta regi\u00f3n. Tuxpan, Poza Rica, Cazones, Coatzintla, Tihuatl\u00e1n, le reconocen ese liderazgo\u201d.<\/p>\n\n\n\n<p>A\u00f1adi\u00f3 que a Gregorio \u201cN\u201d le est\u00e1n fabricando delitos, al tratarse de un liderazgo de oposici\u00f3n que pudiera ganar la contienda el pr\u00f3ximo domingo 6 de junio.<\/p>\n\n\n\n<p>El candidato fue detenido la ma\u00f1ana del mi\u00e9rcoles 7 de abril en la localidad Plan de Ayala, cuando se encontraba al interior de su negocio de autopartes.<\/p>\n\n\n\n<p>Cadena Mart\u00ednez denunci\u00f3 que, despu\u00e9s del arresto, polic\u00edas estatales sustrajeron el disco duro con la informaci\u00f3n de las c\u00e1maras de videovigilancia del circuito de seguridad interno.<\/p>\n\n\n\n<p>\u201cA Goyo le fueron a sembrar cosas ah\u00ed, porque no hab\u00eda forma de bajarle ese liderazgo importante, porque quieren que la oposici\u00f3n no exista. A Goyo le prepararon un escenario y ustedes van a escuchar la parte oficial de lo que les estamos diciendo\u201d.<\/p>\n\n\n\n<p>Por su parte, el abogado Jes\u00fas Vel\u00e1zquez Flores refiri\u00f3 que Gregorio fue \u201ctorturado\u201d para que firmara una declaraci\u00f3n sin saber su contenido y obligado a disparar un arma para se\u00f1alarlo de haber participado en una \u201cgresca\u201d.<\/p>\n\n\n\n<p>\u201cEstuvo desaparecido hasta diez y media u once de la noche, cuando se pudo comunicar con la familia y decir que estaba en \u00c1lamo. Goyo fue obligado a firmar una declaraci\u00f3n que no sabemos qu\u00e9 dice. Goyo fue golpeado por los elementos de la polic\u00eda ministerial que se lo llevaron. Goyo fue obligado a accionar un arma de fuego para que en su momento puedan decir ellos que particip\u00f3 en una gresca o en un acto il\u00edcito\u201d, enfatiz\u00f3.<\/p>\n\n\n\n<p><strong>FGE LO INVESTIGA\u00a0<\/strong><\/p>\n\n\n\n<p>La Fiscal\u00eda General del Estado (FGE) inform\u00f3 en un escueto comunicado que luego de hechos ocurridos en la localidad La Concepci\u00f3n del municipio de \u00c1lamo, donde Gregorio probablemente cometiera hechos constitutivos de delitos, se ha iniciado una investigaci\u00f3n en su contra.<\/p>\n\n\n\n<p>Adem\u00e1s, detall\u00f3 qu\u00e9 fue puesto a disposici\u00f3n de la Subunidad Integral de Procuraci\u00f3n de Justicia con sede en dicha demarcaci\u00f3n judicial por elementos de la Fuerza Civil.<\/p>\n\n\n\n<p>Lo anterior, \u201cen estricto respeto a sus derechos humanos, por lo que en apego a los t\u00e9rminos que marca la Ley se determinar\u00e1 su situaci\u00f3n legal\u201d.<\/p>\n","protected":false},"excerpt":{"rendered":"<p>Juan Arcos Xalapa, Ver.- Gregorio \u201cN\u201d candidato del Sol Azteca a la presidencia municipal de Tihuatl\u00e1n, fue detenido por polic\u00edas ministeriales, confirm\u00f3 el dirigente estatal del Partido de la Revoluci\u00f3n Democr\u00e1tica (PRD) en Veracruz, Sergio Cadena Mart\u00ednez. En conferencia de prensa, el l\u00edder estatal indic\u00f3 que el exalcalde de Tihuatl\u00e1n se encuentra preso en el [&hellip;]<\/p>\n","protected":false},"author":1,"featured_media":12746,"comment_status":"open","ping_status":"open","sticky":false,"template":"","format":"standard","meta":{"_jetpack_memberships_contains_paid_content":false,"footnotes":""},"categories":[2],"tags":[],"class_list":["post-12745","post","type-post","status-publish","format-standard","has-post-thumbnail","hentry","category-estado"],"jetpack_featured_media_url":"https:\/\/encuentroinformativo.com.mx\/wp-content\/uploads\/2021\/04\/B66F122B-9002-46C8-8099-0BA170128B6C.jpeg","jetpack_sharing_enabled":true,"jetpack_likes_enabled":true,"amp_enabled":true,"_links":{"self":[{"href":"https:\/\/encuentroinformativo.com.mx\/index.php?rest_route=\/wp\/v2\/posts\/12745","targetHints":{"allow":["GET"]}}],"collection":[{"href":"https:\/\/encuentroinformativo.com.mx\/index.php?rest_route=\/wp\/v2\/posts"}],"about":[{"href":"https:\/\/encuentroinformativo.com.mx\/index.php?rest_route=\/wp\/v2\/types\/post"}],"author":[{"embeddable":true,"href":"https:\/\/encuentroinformativo.com.mx\/index.php?rest_route=\/wp\/v2\/users\/1"}],"replies":[{"embeddable":true,"href":"https:\/\/encuentroinformativo.com.mx\/index.php?rest_route=%2Fwp%2Fv2%2Fcomments&post=12745"}],"version-history":[{"count":1,"href":"https:\/\/encuentroinformativo.com.mx\/index.php?rest_route=\/wp\/v2\/posts\/12745\/revisions"}],"predecessor-version":[{"id":12747,"href":"https:\/\/encuentroinformativo.com.mx\/index.php?rest_route=\/wp\/v2\/posts\/12745\/revisions\/12747"}],"wp:featuredmedia":[{"embeddable":true,"href":"https:\/\/encuentroinformativo.com.mx\/index.php?rest_route=\/wp\/v2\/media\/12746"}],"wp:attachment":[{"href":"https:\/\/encuentroinformativo.com.mx\/index.php?rest_route=%2Fwp%2Fv2%2Fmedia&parent=12745"}],"wp:term":[{"taxonomy":"category","embeddable":true,"href":"https:\/\/encuentroinformativo.com.mx\/index.php?rest_route=%2Fwp%2Fv2%2Fcategories&post=12745"},{"taxonomy":"post_tag","embeddable":true,"href":"https:\/\/encuentroinformativo.com.mx\/index.php?rest_route=%2Fwp%2Fv2%2Ftags&post=12745"}],"curies":[{"name":"wp","href":"https:\/\/api.w.org\/{rel}","templated":true}]}}