{"id":1275,"date":"2020-03-25T16:34:43","date_gmt":"2020-03-25T22:34:43","guid":{"rendered":"https:\/\/encuentroinformativo.com\/?p=1275"},"modified":"2020-03-25T16:34:45","modified_gmt":"2020-03-25T22:34:45","slug":"por-crisis-cierran-de-forma-definitiva-3-bares","status":"publish","type":"post","link":"https:\/\/encuentroinformativo.com.mx\/?p=1275","title":{"rendered":"Por crisis, cierran de forma definitiva 3 bares"},"content":{"rendered":"\n<p><strong>Juan Arcos <\/strong><\/p>\n\n\n\n<p>Xalapa, Ver.- Tres bares de Xalapa cerraron sus puertas de manera definitiva por la crisis que ocasion\u00f3 la pandemia internacional del coronavirus.<\/p>\n\n\n\n<p>Noem\u00ed Hern\u00e1ndez, propietaria del bar Mixteco, record\u00f3 que el ayuntamiento de Xalapa instruy\u00f3 el cierre de estos establecimientos, de manera indefinida, desde el pasado 21 de marzo, por la contingencia sanitaria.<\/p>\n\n\n\n<p>Sin embargo, dicha situaci\u00f3n afect\u00f3 de manera significativa a las finanzas de los bares, cantinas, antros y otros centros nocturnos.<\/p>\n\n\n\n<p>Los due\u00f1os de algunos bares tuvieron que despedir a su personal. Pero otros decidieron cerrar definitivamente sus negocios.<\/p>\n\n\n\n<p>La entrevistada indic\u00f3 que en su negocio fueron despedidos 12 trabajadores; sin embargo dicha situaci\u00f3n se replic\u00f3 en los distintos bares, antros y cantinas.<\/p>\n\n\n\n<p>La entrevistada detall\u00f3 que los propietarios de los locales comerciales segu\u00edan exigiendo el pago de la renta, pese a la inactividad de los establecimientos.<\/p>\n\n\n\n<p>\u201cEllos quieren su renta, los entiendo, es su negocio, a ellos no les interesa la situaci\u00f3n que estemos pasando\u201d.<\/p>\n\n\n\n<p>Un grupo de propietarios de bares acudi\u00f3 al ayuntamiento de Xalapa para entregar un oficio, donde piden al presidente municipal Hip\u00f3lito Rodr\u00edguez Herrero, que los deje trabajar, como lo contin\u00faan haciendo grandes cadenas de restaurantes, pese a la contingencia sanitaria.<\/p>\n\n\n\n<p><\/p>\n\n\n\n<p><\/p>\n","protected":false},"excerpt":{"rendered":"<p>Juan Arcos Xalapa, Ver.- Tres bares de Xalapa cerraron sus puertas de manera definitiva por la crisis que ocasion\u00f3 la pandemia internacional del coronavirus. Noem\u00ed Hern\u00e1ndez, propietaria del bar Mixteco, record\u00f3 que el ayuntamiento de Xalapa instruy\u00f3 el cierre de estos establecimientos, de manera indefinida, desde el pasado 21 de marzo, por la contingencia sanitaria. [&hellip;]<\/p>\n","protected":false},"author":1,"featured_media":1276,"comment_status":"open","ping_status":"open","sticky":false,"template":"","format":"standard","meta":{"_jetpack_memberships_contains_paid_content":false,"footnotes":""},"categories":[3],"tags":[],"class_list":["post-1275","post","type-post","status-publish","format-standard","has-post-thumbnail","hentry","category-xalapa"],"jetpack_featured_media_url":"https:\/\/encuentroinformativo.com.mx\/wp-content\/uploads\/2020\/03\/7D474B4F-40A8-4244-944D-B7F1D627C4DC.jpeg","jetpack_sharing_enabled":true,"jetpack_likes_enabled":true,"amp_enabled":true,"_links":{"self":[{"href":"https:\/\/encuentroinformativo.com.mx\/index.php?rest_route=\/wp\/v2\/posts\/1275","targetHints":{"allow":["GET"]}}],"collection":[{"href":"https:\/\/encuentroinformativo.com.mx\/index.php?rest_route=\/wp\/v2\/posts"}],"about":[{"href":"https:\/\/encuentroinformativo.com.mx\/index.php?rest_route=\/wp\/v2\/types\/post"}],"author":[{"embeddable":true,"href":"https:\/\/encuentroinformativo.com.mx\/index.php?rest_route=\/wp\/v2\/users\/1"}],"replies":[{"embeddable":true,"href":"https:\/\/encuentroinformativo.com.mx\/index.php?rest_route=%2Fwp%2Fv2%2Fcomments&post=1275"}],"version-history":[{"count":1,"href":"https:\/\/encuentroinformativo.com.mx\/index.php?rest_route=\/wp\/v2\/posts\/1275\/revisions"}],"predecessor-version":[{"id":1277,"href":"https:\/\/encuentroinformativo.com.mx\/index.php?rest_route=\/wp\/v2\/posts\/1275\/revisions\/1277"}],"wp:featuredmedia":[{"embeddable":true,"href":"https:\/\/encuentroinformativo.com.mx\/index.php?rest_route=\/wp\/v2\/media\/1276"}],"wp:attachment":[{"href":"https:\/\/encuentroinformativo.com.mx\/index.php?rest_route=%2Fwp%2Fv2%2Fmedia&parent=1275"}],"wp:term":[{"taxonomy":"category","embeddable":true,"href":"https:\/\/encuentroinformativo.com.mx\/index.php?rest_route=%2Fwp%2Fv2%2Fcategories&post=1275"},{"taxonomy":"post_tag","embeddable":true,"href":"https:\/\/encuentroinformativo.com.mx\/index.php?rest_route=%2Fwp%2Fv2%2Ftags&post=1275"}],"curies":[{"name":"wp","href":"https:\/\/api.w.org\/{rel}","templated":true}]}}