{"id":12754,"date":"2021-04-08T17:01:48","date_gmt":"2021-04-08T22:01:48","guid":{"rendered":"https:\/\/encuentroinformativo.com.mx\/?p=12754"},"modified":"2021-04-08T17:01:51","modified_gmt":"2021-04-08T22:01:51","slug":"cfe-deja-sin-luz-a-comunidad-de-soledad-de-doblado","status":"publish","type":"post","link":"https:\/\/encuentroinformativo.com.mx\/?p=12754","title":{"rendered":"CFE deja sin luz a comunidad de Soledad de Doblado"},"content":{"rendered":"\n<p><strong>Alejandro \u00c1vila<\/strong><\/p>\n\n\n\n<p>Soledad de Doblado, Ver.- Al menos 150 personas sufren de la falta de agua en la localidad de &#8220;Mata Ardilla&#8221;, toda vez que la Comisi\u00f3n Federal de Electricidad (CFE) decidi\u00f3 cortarle la energ\u00eda el\u00e9ctrica al pozo que abastece a la comunidad.<\/p>\n\n\n\n<p>La paraestatal se\u00f1ala que la localidad perteneciente al municipio de Soledad de Doblado, tiene un adeudo de 125 mil pesos, motivo por el cual ejecut\u00f3 el corte de luz.<\/p>\n\n\n\n<p>La comunidad se encuentra a media hora de la cabecera municipal y desde hace un mes carecen del l\u00edquido, tras haberse ejecutado la orden de corte por parte de personal de CFE.<\/p>\n\n\n\n<p>Los habitantes levantaron la queja ante medios de comunicaci\u00f3n, pues explican que el personal de CFE les asegur\u00f3 tendr\u00edan una multa de 125 mil pesos por activar un &#8220;diablito&#8221;, acci\u00f3n que aseguran es falsa, por lo que consideran arbitrario el corte y el presunto nuevo adeudo.<\/p>\n\n\n\n<p>Los afectados mencionaron que su trabajo es la tierra, son productores primarios, no t\u00e9cnicos electrisista o algo similar, que se pueda suponer colocaron el llamado &#8220;diablito&#8221;.<\/p>\n\n\n\n<p>\u201cImag\u00ednese con los calores, nuestros ni\u00f1os y los adultos, pues estamos padeciendo\u201d, mencionaron los afectados.<\/p>\n","protected":false},"excerpt":{"rendered":"<p>Alejandro \u00c1vila Soledad de Doblado, Ver.- Al menos 150 personas sufren de la falta de agua en la localidad de &#8220;Mata Ardilla&#8221;, toda vez que la Comisi\u00f3n Federal de Electricidad (CFE) decidi\u00f3 cortarle la energ\u00eda el\u00e9ctrica al pozo que abastece a la comunidad. La paraestatal se\u00f1ala que la localidad perteneciente al municipio de Soledad de [&hellip;]<\/p>\n","protected":false},"author":1,"featured_media":12753,"comment_status":"open","ping_status":"open","sticky":false,"template":"","format":"standard","meta":{"_jetpack_memberships_contains_paid_content":false,"footnotes":""},"categories":[2],"tags":[],"class_list":["post-12754","post","type-post","status-publish","format-standard","has-post-thumbnail","hentry","category-estado"],"jetpack_featured_media_url":"https:\/\/encuentroinformativo.com.mx\/wp-content\/uploads\/2021\/04\/8BA2D268-7EC4-49FC-A157-B54763466FA7.jpeg","jetpack_sharing_enabled":true,"jetpack_likes_enabled":true,"amp_enabled":true,"_links":{"self":[{"href":"https:\/\/encuentroinformativo.com.mx\/index.php?rest_route=\/wp\/v2\/posts\/12754","targetHints":{"allow":["GET"]}}],"collection":[{"href":"https:\/\/encuentroinformativo.com.mx\/index.php?rest_route=\/wp\/v2\/posts"}],"about":[{"href":"https:\/\/encuentroinformativo.com.mx\/index.php?rest_route=\/wp\/v2\/types\/post"}],"author":[{"embeddable":true,"href":"https:\/\/encuentroinformativo.com.mx\/index.php?rest_route=\/wp\/v2\/users\/1"}],"replies":[{"embeddable":true,"href":"https:\/\/encuentroinformativo.com.mx\/index.php?rest_route=%2Fwp%2Fv2%2Fcomments&post=12754"}],"version-history":[{"count":1,"href":"https:\/\/encuentroinformativo.com.mx\/index.php?rest_route=\/wp\/v2\/posts\/12754\/revisions"}],"predecessor-version":[{"id":12755,"href":"https:\/\/encuentroinformativo.com.mx\/index.php?rest_route=\/wp\/v2\/posts\/12754\/revisions\/12755"}],"wp:featuredmedia":[{"embeddable":true,"href":"https:\/\/encuentroinformativo.com.mx\/index.php?rest_route=\/wp\/v2\/media\/12753"}],"wp:attachment":[{"href":"https:\/\/encuentroinformativo.com.mx\/index.php?rest_route=%2Fwp%2Fv2%2Fmedia&parent=12754"}],"wp:term":[{"taxonomy":"category","embeddable":true,"href":"https:\/\/encuentroinformativo.com.mx\/index.php?rest_route=%2Fwp%2Fv2%2Fcategories&post=12754"},{"taxonomy":"post_tag","embeddable":true,"href":"https:\/\/encuentroinformativo.com.mx\/index.php?rest_route=%2Fwp%2Fv2%2Ftags&post=12754"}],"curies":[{"name":"wp","href":"https:\/\/api.w.org\/{rel}","templated":true}]}}