{"id":12761,"date":"2021-04-09T10:13:26","date_gmt":"2021-04-09T15:13:26","guid":{"rendered":"https:\/\/encuentroinformativo.com.mx\/?p=12761"},"modified":"2021-04-09T10:13:31","modified_gmt":"2021-04-09T15:13:31","slug":"no-tendran-los-huevos-miguel-chiquito","status":"publish","type":"post","link":"https:\/\/encuentroinformativo.com.mx\/?p=12761","title":{"rendered":"&#8220;NO TENDR\u00c1N LOS HUEVOS&#8221;: MIGUEL CHIQUITO"},"content":{"rendered":"\n<p><strong>@pablojair<\/strong><\/p>\n\n\n\n<ul class=\"wp-block-list\"><li>Magistrados reconocen, por unanimidad, inocencia de Nemi Dib.<\/li><li>Quitan a jefes policiacos en el norte de la entidad.<\/li><li>Muy sentida la muerte del director de Protecci\u00f3n Civil en Carlos A. Carrillo.<\/li><\/ul>\n\n\n\n<p>S\u00f3lo s\u00e9 que la extra\u00f1o harto.<br>\u2014Chopenjawer<\/p>\n\n\n\n<p>Entre los cercanos a Miguel \u00c1ngel Yunes M\u00e1rquez hacen circular la idea de que no van a sacarlo de la candidatura a la alcald\u00eda de Veracruz.<\/p>\n\n\n\n<p>El tema es por la residencia del perdedor a la gubernatura de Veracruz, quien apenas hace tres a\u00f1os votaba en una casilla en Boca del R\u00edo (ah\u00ed emiti\u00f3 su sufragio el 1 de julio de 2018), supuestamente por vivir en el fraccionamiento Costa de Oro\u2026 donde tampoco vive, pues es secreto a voces que reside en una lujosa mansi\u00f3n en la zona conocida como El Rinc\u00f3n del Conchal, municipio de Alvarado.<\/p>\n\n\n\n<p>Incluso su hermano Fernando, el alcalde de Veracruz, se sabe que tampoco vive en el municipio que gobierna, pues habita en Costa de Oro en unos lujosos departamentos atr\u00e1s del restaurant Deli &amp; Deli.<\/p>\n\n\n\n<p>El problema de Miguel Jr. es que no tiene los tres a\u00f1os de residencia efectiva en el municipio que se pide por ley para aspirar al cargo de alcalde. Para resolverlo, el ayuntamiento que preside su carnalito expidi\u00f3 una constancia de residencia en un departamento de inter\u00e9s social en el puerto de Veracruz con el que busca &#8220;comprobar&#8221; que vive en el municipio que pretende gobernar. Para burla de los jarochos, se trata de un departamento en el fraccionamiento Virginia, ubicado sobre la calle Magallanes esquina Jos\u00e9 Mart\u00ed, propiedad de Mariano Acosta L\u00f3pez, uno de los supuestos constructores beneficiados en el bienio de Miguel \u00c1ngel Yunes Linares como gobernador.<\/p>\n\n\n\n<p>Aparte de que nadie le cree que vive en un humilde pedacito de casa como cualquier mortal, tambi\u00e9n es conocido que Yunes M\u00e1rquez no estuvo en los \u00faltimos a\u00f1os de lleno en territorio veracruzano, pues luego de admitir la derrota de la gubernatura, se sabe que se exili\u00f3 del pa\u00eds, donde estuvo al menos fuera un a\u00f1o entre Francia y Estados Unidos. Lo anterior tambi\u00e9n ser\u00eda prueba de que el aspirante no tendr\u00eda los requisitos obligatorios para convertirse en candidato.<\/p>\n\n\n\n<p>Pero m\u00e1s all\u00e1 de lo que se ha ventilado como pruebas, existen versiones de que hay dos denuncias y dos demandas \u201cvivas\u201d que pudieran impedirle a Yunes M\u00e1rquez llegar a la ansiada candidatura al momento de su registro, pues cualquiera puede pedir ante el Organismo P\u00fablico Local Electoral (OPLE) que antes de la calificaci\u00f3n de su candidatura, pida informes a tribunales y fiscal\u00edas sobre expedientes en su contra.<\/p>\n\n\n\n<p>El mismo junior ya habr\u00eda admitido que no la libra legalmente, y en una reuni\u00f3n reciente coment\u00f3 a sus cercanos que el Gobierno de Veracruz \u201cno va a tener los huevos\u201d de \u201cbajarlo\u201d porque entonces se armar\u00edan las movilizaciones masivas en el estado.<\/p>\n\n\n\n<p>Palabras m\u00e1s, palabras menos, abund\u00f3: \u201cYo s\u00e9 que legalmente me pueden bajar, pero yo les he hecho llegar el mensaje de que voy a armar un desmadre en Veracruz\u2026 No s\u00e9 para cuando me d\u00e9: dos, tres o cuatro meses, pero seguramente AMLO los va a cagar\u201d.<\/p>\n\n\n\n<p>Es decir, la apuesta\/estrategia ser\u00eda el chantaje para tratar de doblar a la 4T en Veracruz, lo que tambi\u00e9n le da margen para posteriormente decirse reprimido pol\u00edtico y que no lo quieren dejar participar.<\/p>\n\n\n\n<p>\u00bfPero realmente tendr\u00e1n los Yunes actualmente esa capacidad de movilizaci\u00f3n y apoyo?<\/p>\n\n\n\n<p>En el \u00faltimo a\u00f1o de Javier Duarte de Ochoa como gobernador, los ataques orquestados por los Yunes hacia la \u00faltima administraci\u00f3n pri\u00edsta en Veracruz crecieron como nunca cuando se dieron cuenta que Duarte hab\u00eda ca\u00eddo en la gracia del presidente Enrique Pe\u00f1a Nieto.<\/p>\n\n\n\n<p>Desde Los Pinos no hab\u00eda protecci\u00f3n para el mandatario saliente y eso era evidente por la manera en que el titular del Ejecutivo sentaba lejos al defenestrado en eventos oficiales o ni siquiera le avisaba que vendr\u00eda a Veracruz, como cuando visit\u00f3 el hospital de Pemex en Minatitl\u00e1n para saludar a los heridos por la explosi\u00f3n de una planta industrial en abril de 2016.<\/p>\n\n\n\n<p>Duarte, en ese sentido, era un pez gordo f\u00e1cil de perseguir y acorralar.<\/p>\n\n\n\n<p>Otra baraja pesada a favor de los Yunes, es que en el gobierno de Pe\u00f1a Nieto ten\u00edan una excelente relaci\u00f3n (una amistad cercana acrecentada con el paso de los a\u00f1os) con el entonces secretario de Gobernaci\u00f3n, Miguel \u00c1ngel Osorio Chong, quien descaradamente proteg\u00eda a los Yunes a pesar de que eso estaba causando una mella tremenda en su propio partido: el PRI.<\/p>\n\n\n\n<p>Un ejemplo de esto ocurri\u00f3 el mero el d\u00eda de las elecciones estatales de 2016, el domingo 5 de junio (cuando gan\u00f3 el patriarca de los Yunes para la minigubernatura de dos a\u00f1os); en esa ocasi\u00f3n fue retenido Fernando Yunes M\u00e1rquez por elementos de la Secretar\u00eda de Seguridad P\u00fablica en Coatzacoalcos supuestamente por andar operando realizando pagos il\u00edcitos por la venta de votos. Lo anterior fue detectado por aguerridos pri\u00edstas listos para entrarle a los catorrazos contra los Yunes y sus simpatizantes perredistas en Coatza (\u201c\u00a1Estamos listos para partirles su madre!\u201d, dec\u00edan), pero fueron contenidos porque Osorio Chong dio la orden de que a Fernandito no se le tocara ni con el p\u00e9talo de un insulto.<\/p>\n\n\n\n<p>Hoy los Yunes no tienen un poderoso Osorio Chong que los proteja; de hecho, se supone que tienen todo el escenario en contra, pues ellos mismos se declararon enemigos del hoy presidente Andr\u00e9s Manuel L\u00f3pez Obrador, al que no bajaban de \u201cladr\u00f3n\u201d, \u201cloco\u201d y \u201cviejo guango\u201d, y a quien adem\u00e1s supuestamente pretenden hacerle un desmadre en Veracruz.<\/p>\n\n\n\n<p>Las recientes detenciones de personajes muy ligados a los Yunes como el exdirigente estatal del PRD, Rogelio Franco Cast\u00e1n (ya con prisi\u00f3n preventiva), y el exalcalde perredista de Tihuatl\u00e1n, Gregorio G\u00f3mez Mart\u00ednez, son se\u00f1al clara de que \u2014m\u00e1s all\u00e1 de lo que resuelvan las instancias judiciales\u2014 hoy no tienen la misma protecci\u00f3n pol\u00edtica. Ni porque vino el dirigente nacional Jes\u00fas Zambrano a respaldar a Franco, lo que tambi\u00e9n comprueba que las c\u00fapulas pol\u00edticas en el Altiplano aliadas a los Yunes tampoco tienen fuerza ni para interceder o presionar.<\/p>\n\n\n\n<p>Sobre este tema, los mismos panistas del Comit\u00e9 Estatal (los blanquiazules tradicionales de anta\u00f1o) han marcado clara distancia de las manifestaciones perredistas a favor de los personajes detenidos por la Fiscal\u00eda General del Estado; de hecho, ni siquiera se han pronunciado de manera contundente o condenado la detenci\u00f3n de Franco y G\u00f3mez, por ser meramente un asunto que compete al PRD.<\/p>\n\n\n\n<p>Gente cercana a dicho grupo indica que no se van a prestar a hacer grilla barata, lo que le resta todav\u00eda m\u00e1s intensidad a movilizaciones que beneficiar\u00edan a los Yunes con dos \u201cm\u00e1rtires\u201d pol\u00edticos detenidos por la 4T.<\/p>\n\n\n\n<p>As\u00ed que ante la falta de apoyo oficial del PAN, a quien se le ha visto desplaz\u00e1ndose a varias partes del estado es al alcalde de Veracruz, Fernando Yunes, quien, dicen, tiene pleito casado con Joaqu\u00edn Guzm\u00e1n Avil\u00e9s, el dirigente estatal, y lo quiere remover de la Presidencia del partido.<\/p>\n\n\n\n<p>Luego entonces, si le niegan la candidatura a \u201cMiguel Chiquito\u201d, \u00bfser\u00e1 que realmente cimbrar\u00e1n al estado con sus huestes enardecidas? \u00bfTendr\u00e1n todav\u00eda el apoyo y fuerza para hacerlo? \u00bfLes bastar\u00e1n las protestas para hacer presi\u00f3n y doblegar para sus intereses?<\/p>\n\n\n\n<p>A lo mejor ya se sienten como AMLO cuando llena el Z\u00f3calo del DF, pero con m\u00e1s aires inflados de grandeza.<\/p>\n\n\n\n<p>Ya sabe, los Yunes y su megaloman\u00eda.<\/p>\n\n\n\n<p><strong>NOTA PARA PEGAR EN EL REFRI: <\/strong>\u201cSiempre fui inocente; jam\u00e1s comet\u00ed ning\u00fan delito; los cargos por los que me privaron de la libertad fueron falsos, inventados; fui preso pol\u00edtico, fui torturado en prisi\u00f3n; fuimos amenazados de muerte, mis hijos y yo\u201d, fueron las palabras del exsecretario de Salud, Juan Antonio Nemi Dib, quien en conferencia de prensa este jueves por la ma\u00f1ana, dio a conocer que, por unanimidad, los magistrados del Poder Judicial decretaron su inocencia por los delitos de abuso de autoridad e incumplimiento de un deber legal, que lo llevaron a prisi\u00f3n preventiva 15 meses. Despu\u00e9s de este proceso que lleva m\u00e1s de cinco a\u00f1os, Nemi Dib conf\u00eda en que podr\u00e1 continuar reconstruyendo su camino y trabajando como lo ha venido haciendo toda su vida. Cabe recordar que fue uno de los secretarios detenidos en el bienio de Miguel \u00c1ngel Yunes Linares, cuando se desencaden\u00f3 una cacer\u00eda de brujas burda contra exfuncionarios del r\u00e9gimen Duartista.<\/p>\n\n\n\n<p><strong>OTRA NOTA: <\/strong>Que jefes policiacos de la zona norte fueron cambiados y concentrados en Xalapa, luego de que se les vincula como parte del c\u00edrculo de protecci\u00f3n oficial que ten\u00eda el \u201cempresario\u201d Gregorio G\u00f3mez, se\u00f1alado desde hace a\u00f1os de pertenecer a la delincuencia organizada y al robo de autopartes\u2026 \u00bfHasta ahorita se dieron cuenta? \u00bfTe cae que as\u00ed de tar(d)ados son en la SSP?<\/p>\n\n\n\n<p><strong>LA \u00daLTIMA PORQUE ES VIEEEEEERNES: <\/strong>En la cuenca del Papaloapan est\u00e1n consternados por la muerte de David Montalvo Cruzado, director de Protecci\u00f3n Civil en el municipio de Carlos A. Carrillo, qui\u00e9n falleciera la madrugada de este d\u00eda jueves en el Seguro Social de Cosamaloapan. David Montalvo, con una experiencia de m\u00e1s de dos d\u00e9cadas en rescates, muri\u00f3 despu\u00e9s que se presume fue contagiado del Covid-19\u2026 Parece que se olvidan de quienes salvan vidas y hasta movilizan a los enfermos del mortal coronavirus, pero ah\u00ed siguen con su plan de vacunaci\u00f3n absurdamente lento y selectivo.<\/p>\n","protected":false},"excerpt":{"rendered":"<p>@pablojair Magistrados reconocen, por unanimidad, inocencia de Nemi Dib. Quitan a jefes policiacos en el norte de la entidad. Muy sentida la muerte del director de Protecci\u00f3n Civil en Carlos A. Carrillo. S\u00f3lo s\u00e9 que la extra\u00f1o harto.\u2014Chopenjawer Entre los cercanos a Miguel \u00c1ngel Yunes M\u00e1rquez hacen circular la idea de que no van a [&hellip;]<\/p>\n","protected":false},"author":1,"featured_media":488,"comment_status":"open","ping_status":"open","sticky":false,"template":"","format":"standard","meta":{"_jetpack_memberships_contains_paid_content":false,"footnotes":""},"categories":[11],"tags":[],"class_list":["post-12761","post","type-post","status-publish","format-standard","has-post-thumbnail","hentry","category-opinion"],"jetpack_featured_media_url":"https:\/\/encuentroinformativo.com.mx\/wp-content\/uploads\/2020\/03\/F471F608-BA1A-416B-BA7B-BCFB24F4E6D0.jpeg","jetpack_sharing_enabled":true,"jetpack_likes_enabled":true,"amp_enabled":true,"_links":{"self":[{"href":"https:\/\/encuentroinformativo.com.mx\/index.php?rest_route=\/wp\/v2\/posts\/12761","targetHints":{"allow":["GET"]}}],"collection":[{"href":"https:\/\/encuentroinformativo.com.mx\/index.php?rest_route=\/wp\/v2\/posts"}],"about":[{"href":"https:\/\/encuentroinformativo.com.mx\/index.php?rest_route=\/wp\/v2\/types\/post"}],"author":[{"embeddable":true,"href":"https:\/\/encuentroinformativo.com.mx\/index.php?rest_route=\/wp\/v2\/users\/1"}],"replies":[{"embeddable":true,"href":"https:\/\/encuentroinformativo.com.mx\/index.php?rest_route=%2Fwp%2Fv2%2Fcomments&post=12761"}],"version-history":[{"count":1,"href":"https:\/\/encuentroinformativo.com.mx\/index.php?rest_route=\/wp\/v2\/posts\/12761\/revisions"}],"predecessor-version":[{"id":12762,"href":"https:\/\/encuentroinformativo.com.mx\/index.php?rest_route=\/wp\/v2\/posts\/12761\/revisions\/12762"}],"wp:featuredmedia":[{"embeddable":true,"href":"https:\/\/encuentroinformativo.com.mx\/index.php?rest_route=\/wp\/v2\/media\/488"}],"wp:attachment":[{"href":"https:\/\/encuentroinformativo.com.mx\/index.php?rest_route=%2Fwp%2Fv2%2Fmedia&parent=12761"}],"wp:term":[{"taxonomy":"category","embeddable":true,"href":"https:\/\/encuentroinformativo.com.mx\/index.php?rest_route=%2Fwp%2Fv2%2Fcategories&post=12761"},{"taxonomy":"post_tag","embeddable":true,"href":"https:\/\/encuentroinformativo.com.mx\/index.php?rest_route=%2Fwp%2Fv2%2Ftags&post=12761"}],"curies":[{"name":"wp","href":"https:\/\/api.w.org\/{rel}","templated":true}]}}