{"id":12763,"date":"2021-04-09T10:37:17","date_gmt":"2021-04-09T15:37:17","guid":{"rendered":"https:\/\/encuentroinformativo.com.mx\/?p=12763"},"modified":"2021-04-09T10:37:21","modified_gmt":"2021-04-09T15:37:21","slug":"acusan-a-lider-sindical-del-sas-de-politizar-lucha-social","status":"publish","type":"post","link":"https:\/\/encuentroinformativo.com.mx\/?p=12763","title":{"rendered":"Acusan a l\u00edder sindical del SAS de politizar lucha social"},"content":{"rendered":"\n<p><strong>Alejandro \u00c1vila<\/strong><\/p>\n\n\n\n<p>Medell\u00edn de Bravo, Ver.- Ang\u00e9lica Navarrete Mendoza, l\u00edder del sindicato de ex trabajadores del SAS Metropolitano, envi\u00f3 un audio de m\u00e1s de 4 minutos a todos sus agremiados, quienes fueron despedidos en julio del 2016 y luchan por sus derechos laborales; en la nota de voz les expresa que hay que votar por MORENA en Medell\u00edn de Bravo para que as\u00ed haya \u201cl\u00ednea\u201d y les resuelvan su problema.<\/p>\n\n\n\n<p>Detall\u00f3 que fue el pasado 3 de abril donde en una visita a Lerdo de Tejada para hablar con el gobernador Cuitl\u00e1huac Garc\u00eda Jim\u00e9nez, logr\u00f3 concretar una cita con el diputado Juan Javier G\u00f3mez Cazar\u00edn, quien despu\u00e9s de la primer reuni\u00f3n le expres\u00f3 que hab\u00eda que trabajar a su favor para poder ayudarlo; aclarando tambi\u00e9n que habr\u00e1 una segunda reuni\u00f3n el pr\u00f3ximo martes 13 de abril a las 11 horas.<\/p>\n\n\n\n<p>\u201cPor eso compa\u00f1eros, estemos unidos, estemos juntos en esto, no crean cosas que por ah\u00ed les dicen, porque hay intereses, m\u00e1s que es tiempo de elecciones y que nosotros vamos a apoyar con todo a MORENA para que se gane Medell\u00edn, hay que unirnos, hay que votar por MORENA, si se puede 3 de 3, pero lo principal para nosotros ser\u00eda ganar la presidencia municipal de Medell\u00edn y hay que trabajar\u201d, resalta en la nota de voz.<\/p>\n\n\n\n<p>En el audio aprovecha para comentar sobre el presunto problema de falta de agua que se avecina producto del estiaje, del cual aclara no se debe precisamente a este periodo, sino a la falta de capacidad, inversi\u00f3n y prevenci\u00f3n que debi\u00f3 tener la empresa privada Grupo MAS.<\/p>\n\n\n\n<p>\u201cNosotros tantos a\u00f1os que trabajamos en el SAS y los operadores saben bien cu\u00e1l es el problema, el problema no es tanto el estiaje, el estiaje siempre ha existido pero se ha atendido con anticipaci\u00f3n, hab\u00eda un programa preventivo para prevenir todo ese tipo de cosas y que la gente no sufriera tanto de agua como ahora, nunca se hab\u00eda visto, lo que sucede aqu\u00ed es que el in\u00fatil de Lagunes, pues no sabe, nunca supo, nunca se interes\u00f3 en aprender lo que los operadores por a\u00f1os saben\u201d, subray\u00f3.<\/p>\n\n\n\n<p>Finalmente, Navarrete Mendoza, acusa a Grupo MAS de un hecho que otras Asociaciones Civiles tambi\u00e9n han puntualizado, el cobro que se hace en el recibo de agua para protecci\u00f3n y atenci\u00f3n del Pico de Orizaba, y la falta de abono de este recurso al fideicomiso; situaci\u00f3n que tambi\u00e9n abona a la probable escasez de agua en pr\u00f3ximos d\u00edas.<\/p>\n\n\n\n<p>\u201cLa otra, el Grupo MAS se qued\u00f3 con dinero que era destinado al Pico de Orizaba, no se atiende el Pico de Orizaba y ah\u00ed est\u00e1n las consecuencias. Entonces todo eso tambi\u00e9n dios nos est\u00e1 ayudando, entonces no van a aguantar, y no lo digo porque me alegre, porque a m\u00ed tambi\u00e9n me va a perjudicar si se nos va el agua\u201d.<\/p>\n","protected":false},"excerpt":{"rendered":"<p>Alejandro \u00c1vila Medell\u00edn de Bravo, Ver.- Ang\u00e9lica Navarrete Mendoza, l\u00edder del sindicato de ex trabajadores del SAS Metropolitano, envi\u00f3 un audio de m\u00e1s de 4 minutos a todos sus agremiados, quienes fueron despedidos en julio del 2016 y luchan por sus derechos laborales; en la nota de voz les expresa que hay que votar por [&hellip;]<\/p>\n","protected":false},"author":1,"featured_media":12764,"comment_status":"open","ping_status":"open","sticky":false,"template":"","format":"standard","meta":{"_jetpack_memberships_contains_paid_content":false,"footnotes":""},"categories":[2],"tags":[],"class_list":["post-12763","post","type-post","status-publish","format-standard","has-post-thumbnail","hentry","category-estado"],"jetpack_featured_media_url":"https:\/\/encuentroinformativo.com.mx\/wp-content\/uploads\/2021\/04\/24E1872D-2A87-470E-A516-0F69A71AAFE1.jpeg","jetpack_sharing_enabled":true,"jetpack_likes_enabled":true,"amp_enabled":true,"_links":{"self":[{"href":"https:\/\/encuentroinformativo.com.mx\/index.php?rest_route=\/wp\/v2\/posts\/12763","targetHints":{"allow":["GET"]}}],"collection":[{"href":"https:\/\/encuentroinformativo.com.mx\/index.php?rest_route=\/wp\/v2\/posts"}],"about":[{"href":"https:\/\/encuentroinformativo.com.mx\/index.php?rest_route=\/wp\/v2\/types\/post"}],"author":[{"embeddable":true,"href":"https:\/\/encuentroinformativo.com.mx\/index.php?rest_route=\/wp\/v2\/users\/1"}],"replies":[{"embeddable":true,"href":"https:\/\/encuentroinformativo.com.mx\/index.php?rest_route=%2Fwp%2Fv2%2Fcomments&post=12763"}],"version-history":[{"count":1,"href":"https:\/\/encuentroinformativo.com.mx\/index.php?rest_route=\/wp\/v2\/posts\/12763\/revisions"}],"predecessor-version":[{"id":12765,"href":"https:\/\/encuentroinformativo.com.mx\/index.php?rest_route=\/wp\/v2\/posts\/12763\/revisions\/12765"}],"wp:featuredmedia":[{"embeddable":true,"href":"https:\/\/encuentroinformativo.com.mx\/index.php?rest_route=\/wp\/v2\/media\/12764"}],"wp:attachment":[{"href":"https:\/\/encuentroinformativo.com.mx\/index.php?rest_route=%2Fwp%2Fv2%2Fmedia&parent=12763"}],"wp:term":[{"taxonomy":"category","embeddable":true,"href":"https:\/\/encuentroinformativo.com.mx\/index.php?rest_route=%2Fwp%2Fv2%2Fcategories&post=12763"},{"taxonomy":"post_tag","embeddable":true,"href":"https:\/\/encuentroinformativo.com.mx\/index.php?rest_route=%2Fwp%2Fv2%2Ftags&post=12763"}],"curies":[{"name":"wp","href":"https:\/\/api.w.org\/{rel}","templated":true}]}}