{"id":12766,"date":"2021-04-09T11:24:36","date_gmt":"2021-04-09T16:24:36","guid":{"rendered":"https:\/\/encuentroinformativo.com.mx\/?p=12766"},"modified":"2021-04-09T11:24:40","modified_gmt":"2021-04-09T16:24:40","slug":"reactivan-denuncias-en-tiempos-electorales-mayl","status":"publish","type":"post","link":"https:\/\/encuentroinformativo.com.mx\/?p=12766","title":{"rendered":"Reactivan denuncias en tiempos electorales: MAYL"},"content":{"rendered":"\n<p><strong>Alejandro \u00c1vila<\/strong><\/p>\n\n\n\n<p>Veracruz, Ver.- El ex gobernador Miguel \u00c1ngel Yunes Linares aclar\u00f3 en comunicado que nunca se ha doblado frente al poder y por ello se pondr\u00e1 a disposici\u00f3n de la FGR para cualquier informaci\u00f3n que requiera.<\/p>\n\n\n\n<p>La ma\u00f1ana de este viernes, el diario La Jornada -a quien se\u00f1ala como el diario oficial del r\u00e9gimen- public\u00f3 la nota cabeceada como &#8220;Reactiva SEIDO pesquisas\u201d.<\/p>\n\n\n\n<p>En la nota informativa, explica Yunes Linares, se vuelven a sacar a la luz 8 denuncias hechas por Javier Duarte y Manuel Espino en su contra, tratando de impedir su elecci\u00f3n como Gobernador del Estado de Veracruz, hace 8 a\u00f1os.<\/p>\n\n\n\n<p>&#8220;Dichas denuncias fueron investigadas y todas concluyeron con un no ejercicio de la acci\u00f3n penal (tengo copia de los mismos), por contener hechos falsos y acusaciones fantasiosas.<\/p>\n\n\n\n<p>No es extra\u00f1o que las mismas se \u201creactiven\u201d en plena etapa electoral y que se presenten nuevas denuncias; es el uso pol\u00edtico de los instrumentos de justicia, pero hay que entenderlos, &#8216;son tiempos de zopilotes&#8217; dijo el Presidente&#8221;, se\u00f1ala parte del comunicado.<\/p>\n\n\n\n<p>Ante esta situaci\u00f3n, el ex mandatario estatal, aclar\u00f3 que no existe temor alguno y por tal motivo, para aclarar cualquier situaci\u00f3n, en caso de ser requerido, estar\u00e1 disponible para la Fiscal\u00eda General de la Rep\u00fablica a fin de poder aportar toda la informaci\u00f3n que requieran.&nbsp;<\/p>\n\n\n\n<p>&#8220;Por cierto, hablando de \u201cLa Jornada\u201d; ser\u00eda muy importante que se investigue la licitud de los \u00a1400 millones de pesos! provenientes de recursos p\u00fablicos que ha recibido desde que inici\u00f3 la presente administraci\u00f3n.<\/p>\n\n\n\n<p>Igualmente que se publique el avance que lleva la investigaci\u00f3n sobre los casos de manejo de recursos en efectivo de procedencia il\u00edcita para financiar actividades pol\u00edticas, el evidente enriquecimiento il\u00edcito de funcionarios, la muy reciente exhibici\u00f3n de riqueza y derroche en centros tur\u00edsticos y la vinculaci\u00f3n de muy cercanos al r\u00e9gimen con la trata de personas. Supongo que la Ley es para todos \u00bfo solo para los que consideran adversarios?&#8221;, resalt\u00f3.<\/p>\n\n\n\n<p>Finalmente, expuso tajantemente &#8220;nunca me he doblado frente al poder, tampoco lo har\u00e9 hoy. No participo en tareas pol\u00edticas, pero s\u00ed en el compromiso de defender mi honor y el de mi familia frente a lo que evidentemente es un asunto con una motivaci\u00f3n electoral&#8221;.<\/p>\n","protected":false},"excerpt":{"rendered":"<p>Alejandro \u00c1vila Veracruz, Ver.- El ex gobernador Miguel \u00c1ngel Yunes Linares aclar\u00f3 en comunicado que nunca se ha doblado frente al poder y por ello se pondr\u00e1 a disposici\u00f3n de la FGR para cualquier informaci\u00f3n que requiera. La ma\u00f1ana de este viernes, el diario La Jornada -a quien se\u00f1ala como el diario oficial del r\u00e9gimen- [&hellip;]<\/p>\n","protected":false},"author":1,"featured_media":12767,"comment_status":"open","ping_status":"open","sticky":false,"template":"","format":"standard","meta":{"_jetpack_memberships_contains_paid_content":false,"footnotes":""},"categories":[2],"tags":[],"class_list":["post-12766","post","type-post","status-publish","format-standard","has-post-thumbnail","hentry","category-estado"],"jetpack_featured_media_url":"https:\/\/encuentroinformativo.com.mx\/wp-content\/uploads\/2021\/04\/97598BC0-A6AE-41E0-8A4A-FBD709431A5A.jpeg","jetpack_sharing_enabled":true,"jetpack_likes_enabled":true,"amp_enabled":true,"_links":{"self":[{"href":"https:\/\/encuentroinformativo.com.mx\/index.php?rest_route=\/wp\/v2\/posts\/12766","targetHints":{"allow":["GET"]}}],"collection":[{"href":"https:\/\/encuentroinformativo.com.mx\/index.php?rest_route=\/wp\/v2\/posts"}],"about":[{"href":"https:\/\/encuentroinformativo.com.mx\/index.php?rest_route=\/wp\/v2\/types\/post"}],"author":[{"embeddable":true,"href":"https:\/\/encuentroinformativo.com.mx\/index.php?rest_route=\/wp\/v2\/users\/1"}],"replies":[{"embeddable":true,"href":"https:\/\/encuentroinformativo.com.mx\/index.php?rest_route=%2Fwp%2Fv2%2Fcomments&post=12766"}],"version-history":[{"count":1,"href":"https:\/\/encuentroinformativo.com.mx\/index.php?rest_route=\/wp\/v2\/posts\/12766\/revisions"}],"predecessor-version":[{"id":12768,"href":"https:\/\/encuentroinformativo.com.mx\/index.php?rest_route=\/wp\/v2\/posts\/12766\/revisions\/12768"}],"wp:featuredmedia":[{"embeddable":true,"href":"https:\/\/encuentroinformativo.com.mx\/index.php?rest_route=\/wp\/v2\/media\/12767"}],"wp:attachment":[{"href":"https:\/\/encuentroinformativo.com.mx\/index.php?rest_route=%2Fwp%2Fv2%2Fmedia&parent=12766"}],"wp:term":[{"taxonomy":"category","embeddable":true,"href":"https:\/\/encuentroinformativo.com.mx\/index.php?rest_route=%2Fwp%2Fv2%2Fcategories&post=12766"},{"taxonomy":"post_tag","embeddable":true,"href":"https:\/\/encuentroinformativo.com.mx\/index.php?rest_route=%2Fwp%2Fv2%2Ftags&post=12766"}],"curies":[{"name":"wp","href":"https:\/\/api.w.org\/{rel}","templated":true}]}}