{"id":12769,"date":"2021-04-09T11:52:48","date_gmt":"2021-04-09T16:52:48","guid":{"rendered":"https:\/\/encuentroinformativo.com.mx\/?p=12769"},"modified":"2021-04-09T11:52:52","modified_gmt":"2021-04-09T16:52:52","slug":"taxistas-de-poza-rica-en-peligro-asaltan-a-6-de-cada-10","status":"publish","type":"post","link":"https:\/\/encuentroinformativo.com.mx\/?p=12769","title":{"rendered":"Taxistas de Poza Rica en peligro, asaltan a 6 de cada 10"},"content":{"rendered":"\n<p><strong>Alejandro \u00c1vila<\/strong><\/p>\n\n\n\n<p>Poza Rica, Ver.- Asaltos, agresiones y robos de unidades, es lo que sufren d\u00eda a d\u00eda los taxistas de la zona de Poza Rica, quienes exigen el auxilio de las autoridades municipales y estatales para garantizarles seguridad en su trabajo.<\/p>\n\n\n\n<p>El gremio de trabajadores del volante acusa que las estrategias no han funcionado y cada vez va en aumento los incidentes delictivos que sufren en la cabecera municipal y las localidades.<\/p>\n\n\n\n<p>Si bien aclararon no existe una cifra oficial de los hechos delictivos, debido a que no todos denuncias lo sucedido, se estima que 6 de cada 10 taxistas han sido asaltados por semana.<\/p>\n\n\n\n<p>Un problema grave que aqueja a los ruleteros, es el robo de sus veh\u00edculos, situaci\u00f3n que se da cuando realizan un servicio a las comunidades, ya que los caminos que conectan con ellas son rurales y favorecen al ladr\u00f3n para cometer el atraco.<\/p>\n\n\n\n<p>En Poza Rica, se cuenta con cerca de 5 mil unidades de transporte p\u00fablico, modalidad taxi, los cuales han iniciado pleitos en v\u00eda p\u00fablica peleandose por un pasaje; motivo por el cual, los dirigentes han solicitado se regulen los permisos, pues muchos de ellos tienen sus documentos vencidos o transitan de forma ilegal.<\/p>\n","protected":false},"excerpt":{"rendered":"<p>Alejandro \u00c1vila Poza Rica, Ver.- Asaltos, agresiones y robos de unidades, es lo que sufren d\u00eda a d\u00eda los taxistas de la zona de Poza Rica, quienes exigen el auxilio de las autoridades municipales y estatales para garantizarles seguridad en su trabajo. El gremio de trabajadores del volante acusa que las estrategias no han funcionado [&hellip;]<\/p>\n","protected":false},"author":1,"featured_media":12770,"comment_status":"open","ping_status":"open","sticky":false,"template":"","format":"standard","meta":{"_jetpack_memberships_contains_paid_content":false,"footnotes":""},"categories":[2],"tags":[],"class_list":["post-12769","post","type-post","status-publish","format-standard","has-post-thumbnail","hentry","category-estado"],"jetpack_featured_media_url":"https:\/\/encuentroinformativo.com.mx\/wp-content\/uploads\/2021\/04\/A11C797B-B965-4516-8E84-2B363E349163.jpeg","jetpack_sharing_enabled":true,"jetpack_likes_enabled":true,"amp_enabled":true,"_links":{"self":[{"href":"https:\/\/encuentroinformativo.com.mx\/index.php?rest_route=\/wp\/v2\/posts\/12769","targetHints":{"allow":["GET"]}}],"collection":[{"href":"https:\/\/encuentroinformativo.com.mx\/index.php?rest_route=\/wp\/v2\/posts"}],"about":[{"href":"https:\/\/encuentroinformativo.com.mx\/index.php?rest_route=\/wp\/v2\/types\/post"}],"author":[{"embeddable":true,"href":"https:\/\/encuentroinformativo.com.mx\/index.php?rest_route=\/wp\/v2\/users\/1"}],"replies":[{"embeddable":true,"href":"https:\/\/encuentroinformativo.com.mx\/index.php?rest_route=%2Fwp%2Fv2%2Fcomments&post=12769"}],"version-history":[{"count":1,"href":"https:\/\/encuentroinformativo.com.mx\/index.php?rest_route=\/wp\/v2\/posts\/12769\/revisions"}],"predecessor-version":[{"id":12771,"href":"https:\/\/encuentroinformativo.com.mx\/index.php?rest_route=\/wp\/v2\/posts\/12769\/revisions\/12771"}],"wp:featuredmedia":[{"embeddable":true,"href":"https:\/\/encuentroinformativo.com.mx\/index.php?rest_route=\/wp\/v2\/media\/12770"}],"wp:attachment":[{"href":"https:\/\/encuentroinformativo.com.mx\/index.php?rest_route=%2Fwp%2Fv2%2Fmedia&parent=12769"}],"wp:term":[{"taxonomy":"category","embeddable":true,"href":"https:\/\/encuentroinformativo.com.mx\/index.php?rest_route=%2Fwp%2Fv2%2Fcategories&post=12769"},{"taxonomy":"post_tag","embeddable":true,"href":"https:\/\/encuentroinformativo.com.mx\/index.php?rest_route=%2Fwp%2Fv2%2Ftags&post=12769"}],"curies":[{"name":"wp","href":"https:\/\/api.w.org\/{rel}","templated":true}]}}