{"id":12772,"date":"2021-04-09T12:11:41","date_gmt":"2021-04-09T17:11:41","guid":{"rendered":"https:\/\/encuentroinformativo.com.mx\/?p=12772"},"modified":"2021-04-09T12:12:03","modified_gmt":"2021-04-09T17:12:03","slug":"por-cortes-de-luz-vecinos-de-casas-diaz-arremeten-contra-cfe","status":"publish","type":"post","link":"https:\/\/encuentroinformativo.com.mx\/?p=12772","title":{"rendered":"Por cortes de luz, vecinos de Casas D\u00edaz arremeten contra CFE"},"content":{"rendered":"\n<p><strong>Alejandro \u00c1vila<\/strong><\/p>\n\n\n\n<p>Veracruz, Ver.- Vecinos del fraccionamiento Casas D\u00edaz, colocaron lonas y denunciaron que la empresa para estatal, Comisi\u00f3n Federal de Electricidad (CFE) no da soluci\u00f3n a los cortes de luz que existen cada vez m\u00e1s seguido en el complejo habitacional.<\/p>\n\n\n\n<p>La situaci\u00f3n, relatan, era com\u00fan en \u00e9pocas se calor y aprendieron a vivir con ello, pero en las \u00faltimas semanas el tema se agrav\u00f3, pues los cortes son muy seguidos y por espacios m\u00e1s prolongados, mencion\u00f3 Francisco Hern\u00e1ndez Garc\u00eda, uno de los afectados.<\/p>\n\n\n\n<p>\u201cYa hemos tenido recurrentemente esta falla, hab\u00eda pasado cada mes, ahorita se ha intensificado este problema, pero hay zonas del fraccionamiento en donde la luz se va hasta 12 y 15 horas\u201d.<\/p>\n\n\n\n<p>Las primeras explicaciones que les dieron los empleados de CFE al llegar a habitar la zona, fue que se sobre cargaban las el\u00e9ctricas, culpa se las conexiones ilegales de colonias irregulares alrededor, como la Rosa Borunda y Los Predios.<\/p>\n\n\n\n<p>Si bien en un momento aceptaron resignados la situaci\u00f3n, los cortes continuos y m\u00e1s prolongados, son cosas que ya no pueden soportar, pues generan problemas en su vida diaria.<\/p>\n\n\n\n<p>\u201cNosotros en Casas D\u00edaz, el segmento que se ve afectado es exactamente el acceso a la colonia Los Predios, en donde hay una serie de cableados ilegales y que nos afecta a nosotros, conscientes de esta situaci\u00f3n la Comisi\u00f3n Federal de Electricidad no ha hecho nada\u201d, reclam\u00f3 Hern\u00e1ndez Garc\u00eda.<\/p>\n\n\n\n<p>En total, se estima que mil familias son las afectadas por esta situaci\u00f3n, por tal motivo decidieron colocar la lona con la leyenda de \u201cYa Basta\u201d, pero de no recibir respuesta de las autoridades podr\u00edan organizarse para realizar protestas m\u00e1s fuertes.<\/p>\n\n\n\n<p>\u201cLos vecinos lo que hicieron fue colocar una lona para llamar la atenci\u00f3n (\u2026), con esta variaci\u00f3n de voltaje ya comenzamos a reportar problemas con nuestros aparatos el\u00e9ctricos, sobre todo en los sistemas de aire acondicionado, algunos vecinos tambi\u00e9n dicen que en refrigeradores\u201d.<\/p>\n","protected":false},"excerpt":{"rendered":"<p>Alejandro \u00c1vila Veracruz, Ver.- Vecinos del fraccionamiento Casas D\u00edaz, colocaron lonas y denunciaron que la empresa para estatal, Comisi\u00f3n Federal de Electricidad (CFE) no da soluci\u00f3n a los cortes de luz que existen cada vez m\u00e1s seguido en el complejo habitacional. La situaci\u00f3n, relatan, era com\u00fan en \u00e9pocas se calor y aprendieron a vivir con [&hellip;]<\/p>\n","protected":false},"author":1,"featured_media":12773,"comment_status":"open","ping_status":"open","sticky":false,"template":"","format":"standard","meta":{"_jetpack_memberships_contains_paid_content":false,"footnotes":""},"categories":[2],"tags":[],"class_list":["post-12772","post","type-post","status-publish","format-standard","has-post-thumbnail","hentry","category-estado"],"jetpack_featured_media_url":"https:\/\/encuentroinformativo.com.mx\/wp-content\/uploads\/2021\/04\/F426A537-9F89-4F27-8EEB-CDFE703062F4.jpeg","jetpack_sharing_enabled":true,"jetpack_likes_enabled":true,"amp_enabled":true,"_links":{"self":[{"href":"https:\/\/encuentroinformativo.com.mx\/index.php?rest_route=\/wp\/v2\/posts\/12772","targetHints":{"allow":["GET"]}}],"collection":[{"href":"https:\/\/encuentroinformativo.com.mx\/index.php?rest_route=\/wp\/v2\/posts"}],"about":[{"href":"https:\/\/encuentroinformativo.com.mx\/index.php?rest_route=\/wp\/v2\/types\/post"}],"author":[{"embeddable":true,"href":"https:\/\/encuentroinformativo.com.mx\/index.php?rest_route=\/wp\/v2\/users\/1"}],"replies":[{"embeddable":true,"href":"https:\/\/encuentroinformativo.com.mx\/index.php?rest_route=%2Fwp%2Fv2%2Fcomments&post=12772"}],"version-history":[{"count":1,"href":"https:\/\/encuentroinformativo.com.mx\/index.php?rest_route=\/wp\/v2\/posts\/12772\/revisions"}],"predecessor-version":[{"id":12774,"href":"https:\/\/encuentroinformativo.com.mx\/index.php?rest_route=\/wp\/v2\/posts\/12772\/revisions\/12774"}],"wp:featuredmedia":[{"embeddable":true,"href":"https:\/\/encuentroinformativo.com.mx\/index.php?rest_route=\/wp\/v2\/media\/12773"}],"wp:attachment":[{"href":"https:\/\/encuentroinformativo.com.mx\/index.php?rest_route=%2Fwp%2Fv2%2Fmedia&parent=12772"}],"wp:term":[{"taxonomy":"category","embeddable":true,"href":"https:\/\/encuentroinformativo.com.mx\/index.php?rest_route=%2Fwp%2Fv2%2Fcategories&post=12772"},{"taxonomy":"post_tag","embeddable":true,"href":"https:\/\/encuentroinformativo.com.mx\/index.php?rest_route=%2Fwp%2Fv2%2Ftags&post=12772"}],"curies":[{"name":"wp","href":"https:\/\/api.w.org\/{rel}","templated":true}]}}