{"id":12775,"date":"2021-04-09T13:01:56","date_gmt":"2021-04-09T18:01:56","guid":{"rendered":"https:\/\/encuentroinformativo.com.mx\/?p=12775"},"modified":"2021-04-09T13:01:59","modified_gmt":"2021-04-09T18:01:59","slug":"piden-destitucion-de-representante-de-sedarpa-en-parque-dona-falla","status":"publish","type":"post","link":"https:\/\/encuentroinformativo.com.mx\/?p=12775","title":{"rendered":"Piden destituci\u00f3n de representante de Sedarpa en parque Do\u00f1a Falla"},"content":{"rendered":"\n<p><strong>Dar\u00edo Pale <\/strong><\/p>\n\n\n\n<p>Xalapa, Ver.- Viveristas del parque &#8220;Do\u00f1a Falla&#8221; est\u00e1n solicitando la destituci\u00f3n del ingeniero Silvestre L\u00f3pez Paniagua jefe de hortalizas en el parque y representante de la SEDARPA, ya que existen varias irregularidades y no se ha prestado a dialogar y a quiere hacer las cosas como \u00e9l cree que est\u00e1n bien, de no optener una repuesta favorable se podr\u00edan manifestar de forma pacifica.<\/p>\n\n\n\n<p>Entrevistada en los pasillos de conocido caf\u00e9 del centro de Xalapa, la se\u00f1ora Luisa Lourdes Ramirez L\u00f3pez representantes de los Viverisitas del parque &#8220;Do\u00f1a Falla&#8221;, dio a conocer que vinieron a la oficina del gobernador del estado para solicitar una audiencia y al mismo tiempo entregar una petici\u00f3n para que los apoye en el parque ya que desde hace dos a\u00f1os el encargado del mismo han sufrido una serie de problemas y solicitan la destituci\u00f3n del mismo.<\/p>\n\n\n\n<p>Dio a conocer que desde la llegada del ingeniero al parque hace dos a\u00f1os nunca se ha sentado a dialogar con los viveristas, ya que ellos no tienen nada importante que aportar y de ah\u00ed se han dado una serie de irregularidades y no les permite trabajar ya que quiere que trabajen como \u00e9l cree que es la forma correcta de trabajar pese a que ya llevan 25 a\u00f1os trabajando de la misma manera no ser\u00e1 posible cambiarla a como \u00e9l quiere.<\/p>\n\n\n\n<p>&#8220;\u00c9l dice que la cuesti\u00f3n es embellecer el parque yo creo que si ustedes van el parque est\u00e1 bello por naturaleza porque estamos en una ciudad con mucho bosque al que se le ha dado mantenimiento con recursos de los mismos viveristas entonces no hay nada que nos tenga que llegar a ense\u00f1ar al contrario entorpece la labor del se\u00f1or de mantenimiento sembrando plantas por donde quiera sin ton ni son y cuesta m\u00e1s trabajo ese tipo de mantenimiento del parque, lo tenemos con un mantenimiento de bajo impacto pero es lo que \u00e9l no quiere entender&#8221;, se\u00f1al\u00f3.<\/p>\n\n\n\n<p>Se\u00f1al\u00f3 que est\u00e1 sembrando palma las cuales no corresponden a esa \u00e1rea, pero la irresponsabilidad no s\u00f3lo es eso si no que quiere sacar a viveristas que ya est\u00e1n establecidos desde hace mucho tiempo para meter nuevos, pese a que est\u00e1n en el acuerdo de que entren nuevos y mejores productores pero no que saquen a los que ya est\u00e1n para que se establezcan nuevos.<\/p>\n\n\n\n<p>Acusaron que en muchas ocasiones les solicita plantas regaladas para que \u00e9l quede bien ante la SEDARPA y si no lo hacen los insulta y los mal ve, lo cual est\u00e1 prohibido pero toma represalias a quien no le obsequia algo, incluso los insulta con palabras altisonantes y en la secretaria solo les comentan que no lo pueden correr.<\/p>\n\n\n\n<p>Finalmente dio a conocer que est\u00e1n solicitando la intervenci\u00f3n inmediata del gobernador ya que no les quieren dar los comodatos y a muchos de ellos ya no es llegara porque el encargado as\u00ed lo decidi\u00f3, de no tener una respuesta favorable y despu\u00e9s de agotar el di\u00e1logo con las autoridades correspondientes llevar\u00edan a cabo una manifestaci\u00f3n de forma pac\u00edfica.<\/p>\n","protected":false},"excerpt":{"rendered":"<p>Dar\u00edo Pale Xalapa, Ver.- Viveristas del parque &#8220;Do\u00f1a Falla&#8221; est\u00e1n solicitando la destituci\u00f3n del ingeniero Silvestre L\u00f3pez Paniagua jefe de hortalizas en el parque y representante de la SEDARPA, ya que existen varias irregularidades y no se ha prestado a dialogar y a quiere hacer las cosas como \u00e9l cree que est\u00e1n bien, de no [&hellip;]<\/p>\n","protected":false},"author":1,"featured_media":12776,"comment_status":"open","ping_status":"open","sticky":false,"template":"","format":"standard","meta":{"_jetpack_memberships_contains_paid_content":false,"footnotes":""},"categories":[3],"tags":[],"class_list":["post-12775","post","type-post","status-publish","format-standard","has-post-thumbnail","hentry","category-xalapa"],"jetpack_featured_media_url":"https:\/\/encuentroinformativo.com.mx\/wp-content\/uploads\/2021\/04\/D23912CA-6CD6-479E-9D91-40970E9CA670.jpeg","jetpack_sharing_enabled":true,"jetpack_likes_enabled":true,"amp_enabled":true,"_links":{"self":[{"href":"https:\/\/encuentroinformativo.com.mx\/index.php?rest_route=\/wp\/v2\/posts\/12775","targetHints":{"allow":["GET"]}}],"collection":[{"href":"https:\/\/encuentroinformativo.com.mx\/index.php?rest_route=\/wp\/v2\/posts"}],"about":[{"href":"https:\/\/encuentroinformativo.com.mx\/index.php?rest_route=\/wp\/v2\/types\/post"}],"author":[{"embeddable":true,"href":"https:\/\/encuentroinformativo.com.mx\/index.php?rest_route=\/wp\/v2\/users\/1"}],"replies":[{"embeddable":true,"href":"https:\/\/encuentroinformativo.com.mx\/index.php?rest_route=%2Fwp%2Fv2%2Fcomments&post=12775"}],"version-history":[{"count":1,"href":"https:\/\/encuentroinformativo.com.mx\/index.php?rest_route=\/wp\/v2\/posts\/12775\/revisions"}],"predecessor-version":[{"id":12777,"href":"https:\/\/encuentroinformativo.com.mx\/index.php?rest_route=\/wp\/v2\/posts\/12775\/revisions\/12777"}],"wp:featuredmedia":[{"embeddable":true,"href":"https:\/\/encuentroinformativo.com.mx\/index.php?rest_route=\/wp\/v2\/media\/12776"}],"wp:attachment":[{"href":"https:\/\/encuentroinformativo.com.mx\/index.php?rest_route=%2Fwp%2Fv2%2Fmedia&parent=12775"}],"wp:term":[{"taxonomy":"category","embeddable":true,"href":"https:\/\/encuentroinformativo.com.mx\/index.php?rest_route=%2Fwp%2Fv2%2Fcategories&post=12775"},{"taxonomy":"post_tag","embeddable":true,"href":"https:\/\/encuentroinformativo.com.mx\/index.php?rest_route=%2Fwp%2Fv2%2Ftags&post=12775"}],"curies":[{"name":"wp","href":"https:\/\/api.w.org\/{rel}","templated":true}]}}