{"id":12778,"date":"2021-04-09T13:41:04","date_gmt":"2021-04-09T18:41:04","guid":{"rendered":"https:\/\/encuentroinformativo.com.mx\/?p=12778"},"modified":"2021-04-09T13:41:08","modified_gmt":"2021-04-09T18:41:08","slug":"suradas-aumentan-riesgo-de-incendios-forestales","status":"publish","type":"post","link":"https:\/\/encuentroinformativo.com.mx\/?p=12778","title":{"rendered":"Suradas aumentan riesgo de incendios forestales"},"content":{"rendered":"\n<p><strong>Dar\u00edo Pale <\/strong><\/p>\n\n\n\n<p>Xalapa, Ver.- Suman 73 incendios forestales hasta el d\u00eda de hoy, adem\u00e1s de que se pronostican altas temperaturas por suradas y se crea mayor riesgo de incendios forestales en pr\u00f3ximos d\u00edas, adem\u00e1s de que se sigue incrementando n\u00famero de municipios con alg\u00fan grado de sequ\u00eda.<\/p>\n\n\n\n<p>En su tradicional conferencia de prensa de Protecci\u00f3n Civil del estado, dieron a conocer que\u00a0Veracruz atraviesa por una racha de suradas que elevar\u00e1n las temperaturas y con ello se advierte un riesgo mayor de que ocurran incendios forestales, y\u00a0debido al d\u00e9ficit de lluvias que se ha venido registrando, al 4 de abril, existen 40 municipios anormalmente secos, de los cuales, 25 son con sequ\u00eda moderada y siete con sequ\u00eda severa.<\/p>\n\n\n\n<p>La\u00a0jefa de Hidrometeorolog\u00eda de la Conagua, Jessica Luna Lagunes se\u00f1al\u00f3 que los\u00a0siete municipios con sequ\u00eda severa se ubican en la cuenca del r\u00edo P\u00e1nuco y son Chalma, Chiconamel, P\u00e1nuco, Plat\u00f3n S\u00e1nchez, Tantoyuca, Tempoal y El Higo, y de\u00a0los que tienen sequ\u00eda moderada tambi\u00e9n se ubican en la zona norte de Veracruz y algunos de la zona sur.<\/p>\n\n\n\n<p>La especialista asever\u00f3 que debido a ese d\u00e9ficit de lluvias algunos r\u00edos presentan un descenso en sus niveles como el Cazones, Actopan-\u00cddolos, Papaloapan, Tesechoac\u00e1n y Las Perlas, en el Coatzacoalcos, y\u00a0debido a que se prev\u00e9n temperaturas altas el fin de semana y hasta la pr\u00f3xima semana por las suradas, existe mayor riesgo de que se registren incendios forestales.<\/p>\n\n\n\n<p>&#8220;Hay que estar muy pendientes de estos eventos de surada que van a provocar altas temperaturas, vamos a tener d\u00e9ficit de lluvias, lo que implicar\u00eda que los suelos comiencen a secarse y que haya mayor riesgo de incendios forestales, en Veracruz, del 1 de enero al 1 de abril llevamos 73 incendios forestales, es el noveno estado con mayor incedios forestales en lo que va de 2021&#8221;, se\u00f1al\u00f3.<\/p>\n\n\n\n<p>Finalmente Jessica Luna refiri\u00f3 que la Conafor ha dicho que el 40 por ciento de los incendios que se han presentado han sido por actividades il\u00edcitas, el 17 por ciento por fumadores que dejan colillas en los bosques.<\/p>\n","protected":false},"excerpt":{"rendered":"<p>Dar\u00edo Pale Xalapa, Ver.- Suman 73 incendios forestales hasta el d\u00eda de hoy, adem\u00e1s de que se pronostican altas temperaturas por suradas y se crea mayor riesgo de incendios forestales en pr\u00f3ximos d\u00edas, adem\u00e1s de que se sigue incrementando n\u00famero de municipios con alg\u00fan grado de sequ\u00eda. En su tradicional conferencia de prensa de Protecci\u00f3n [&hellip;]<\/p>\n","protected":false},"author":1,"featured_media":2124,"comment_status":"open","ping_status":"open","sticky":false,"template":"","format":"standard","meta":{"_jetpack_memberships_contains_paid_content":false,"footnotes":""},"categories":[2],"tags":[],"class_list":["post-12778","post","type-post","status-publish","format-standard","has-post-thumbnail","hentry","category-estado"],"jetpack_featured_media_url":"https:\/\/encuentroinformativo.com.mx\/wp-content\/uploads\/2020\/04\/7161E671-6811-4BCC-884E-D8080D362694.jpeg","jetpack_sharing_enabled":true,"jetpack_likes_enabled":true,"amp_enabled":true,"_links":{"self":[{"href":"https:\/\/encuentroinformativo.com.mx\/index.php?rest_route=\/wp\/v2\/posts\/12778","targetHints":{"allow":["GET"]}}],"collection":[{"href":"https:\/\/encuentroinformativo.com.mx\/index.php?rest_route=\/wp\/v2\/posts"}],"about":[{"href":"https:\/\/encuentroinformativo.com.mx\/index.php?rest_route=\/wp\/v2\/types\/post"}],"author":[{"embeddable":true,"href":"https:\/\/encuentroinformativo.com.mx\/index.php?rest_route=\/wp\/v2\/users\/1"}],"replies":[{"embeddable":true,"href":"https:\/\/encuentroinformativo.com.mx\/index.php?rest_route=%2Fwp%2Fv2%2Fcomments&post=12778"}],"version-history":[{"count":1,"href":"https:\/\/encuentroinformativo.com.mx\/index.php?rest_route=\/wp\/v2\/posts\/12778\/revisions"}],"predecessor-version":[{"id":12779,"href":"https:\/\/encuentroinformativo.com.mx\/index.php?rest_route=\/wp\/v2\/posts\/12778\/revisions\/12779"}],"wp:featuredmedia":[{"embeddable":true,"href":"https:\/\/encuentroinformativo.com.mx\/index.php?rest_route=\/wp\/v2\/media\/2124"}],"wp:attachment":[{"href":"https:\/\/encuentroinformativo.com.mx\/index.php?rest_route=%2Fwp%2Fv2%2Fmedia&parent=12778"}],"wp:term":[{"taxonomy":"category","embeddable":true,"href":"https:\/\/encuentroinformativo.com.mx\/index.php?rest_route=%2Fwp%2Fv2%2Fcategories&post=12778"},{"taxonomy":"post_tag","embeddable":true,"href":"https:\/\/encuentroinformativo.com.mx\/index.php?rest_route=%2Fwp%2Fv2%2Ftags&post=12778"}],"curies":[{"name":"wp","href":"https:\/\/api.w.org\/{rel}","templated":true}]}}