{"id":12784,"date":"2021-04-09T11:15:50","date_gmt":"2021-04-09T16:15:50","guid":{"rendered":"https:\/\/encuentroinformativo.com.mx\/?p=12784"},"modified":"2021-04-09T14:20:33","modified_gmt":"2021-04-09T19:20:33","slug":"robaron-joyas-en-asesinato-a-gladys-merlin-y-su-hija-carla","status":"publish","type":"post","link":"https:\/\/encuentroinformativo.com.mx\/?p=12784","title":{"rendered":"Robaron joyas en asesinato a Gladys Merl\u00edn y su hija Carla"},"content":{"rendered":"\n<p><strong>Dar\u00edo Pale <\/strong><\/p>\n\n\n\n<p>Xalapa, Ver.- El crimen de Carla Enr\u00edquez y de su mam\u00e1 Gladys Merl\u00edn Castro se presume fue por robo de joyas, adem\u00e1s de que hay \u00f3rdenes de aprehensi\u00f3n a punto de ejecutarse, adelanto la secretaria de Seguridad y Protecci\u00f3n Ciudadana, Rosa Icela Rodr\u00edguez.<\/p>\n\n\n\n<p>En la conferencia ma\u00f1anera inform\u00f3 que el crimen de Carla Enr\u00edquez Merl\u00edn y su madre, Gladys Merl\u00edn, fue por el robo de joyas con un valor de m\u00e1s de 3 millones de pesos,\u00a0expuso que no se descartan otras l\u00edneas de investigaci\u00f3n.<\/p>\n\n\n\n<p>Mencion\u00f3 que los hechos registrados el pasado 15 de febrero en el municipio de Cosoleacaque fue un hecho doloroso que atenta contra la vida y la democracia, no obstante recalc\u00f3 que por esos hechos hay dos personas detenidas de su c\u00edrculo cercano, vinculadas a proceso penal.<\/p>\n\n\n\n<p>Agreg\u00f3 que hay otras \u00f3rdenes de aprehensi\u00f3n &#8220;a punto de ejecutarse&#8221; por los delitos de feminicidio y &#8220;el robo de aldededor de 3 millones en joyas y relojer\u00eda&#8221;.<\/p>\n\n\n\n<p>Finalmente precis\u00f3 que a\u00fan no se descartan otras l\u00edneas de investigaci\u00f3n de acuerdo a las investigaciones de la Fiscal\u00eda General del Estado.<\/p>\n","protected":false},"excerpt":{"rendered":"<p>Dar\u00edo Pale Xalapa, Ver.- El crimen de Carla Enr\u00edquez y de su mam\u00e1 Gladys Merl\u00edn Castro se presume fue por robo de joyas, adem\u00e1s de que hay \u00f3rdenes de aprehensi\u00f3n a punto de ejecutarse, adelanto la secretaria de Seguridad y Protecci\u00f3n Ciudadana, Rosa Icela Rodr\u00edguez. En la conferencia ma\u00f1anera inform\u00f3 que el crimen de Carla [&hellip;]<\/p>\n","protected":false},"author":1,"featured_media":12785,"comment_status":"open","ping_status":"open","sticky":false,"template":"","format":"standard","meta":{"_jetpack_memberships_contains_paid_content":false,"footnotes":""},"categories":[12],"tags":[],"class_list":["post-12784","post","type-post","status-publish","format-standard","has-post-thumbnail","hentry","category-nacional"],"jetpack_featured_media_url":"https:\/\/encuentroinformativo.com.mx\/wp-content\/uploads\/2021\/04\/BD6A068C-0E71-478A-BEDA-CD2A56313311.jpeg","jetpack_sharing_enabled":true,"jetpack_likes_enabled":true,"amp_enabled":true,"_links":{"self":[{"href":"https:\/\/encuentroinformativo.com.mx\/index.php?rest_route=\/wp\/v2\/posts\/12784","targetHints":{"allow":["GET"]}}],"collection":[{"href":"https:\/\/encuentroinformativo.com.mx\/index.php?rest_route=\/wp\/v2\/posts"}],"about":[{"href":"https:\/\/encuentroinformativo.com.mx\/index.php?rest_route=\/wp\/v2\/types\/post"}],"author":[{"embeddable":true,"href":"https:\/\/encuentroinformativo.com.mx\/index.php?rest_route=\/wp\/v2\/users\/1"}],"replies":[{"embeddable":true,"href":"https:\/\/encuentroinformativo.com.mx\/index.php?rest_route=%2Fwp%2Fv2%2Fcomments&post=12784"}],"version-history":[{"count":1,"href":"https:\/\/encuentroinformativo.com.mx\/index.php?rest_route=\/wp\/v2\/posts\/12784\/revisions"}],"predecessor-version":[{"id":12786,"href":"https:\/\/encuentroinformativo.com.mx\/index.php?rest_route=\/wp\/v2\/posts\/12784\/revisions\/12786"}],"wp:featuredmedia":[{"embeddable":true,"href":"https:\/\/encuentroinformativo.com.mx\/index.php?rest_route=\/wp\/v2\/media\/12785"}],"wp:attachment":[{"href":"https:\/\/encuentroinformativo.com.mx\/index.php?rest_route=%2Fwp%2Fv2%2Fmedia&parent=12784"}],"wp:term":[{"taxonomy":"category","embeddable":true,"href":"https:\/\/encuentroinformativo.com.mx\/index.php?rest_route=%2Fwp%2Fv2%2Fcategories&post=12784"},{"taxonomy":"post_tag","embeddable":true,"href":"https:\/\/encuentroinformativo.com.mx\/index.php?rest_route=%2Fwp%2Fv2%2Ftags&post=12784"}],"curies":[{"name":"wp","href":"https:\/\/api.w.org\/{rel}","templated":true}]}}