{"id":12790,"date":"2021-04-09T14:38:31","date_gmt":"2021-04-09T19:38:31","guid":{"rendered":"https:\/\/encuentroinformativo.com.mx\/?p=12790"},"modified":"2021-04-09T14:38:35","modified_gmt":"2021-04-09T19:38:35","slug":"reportan-fallas-en-plataforma-mi-vacuna-sev","status":"publish","type":"post","link":"https:\/\/encuentroinformativo.com.mx\/?p=12790","title":{"rendered":"Reportan fallas en plataforma Mi Vacuna SEV"},"content":{"rendered":"\n<p><strong>Juan Arcos <\/strong><\/p>\n\n\n\n<p>Xalapa, Ver.- Docentes reportaron fallas en la plataforma digital \u201cMi Vacuna SEV\u201d, situaci\u00f3n que ha retrasado la inmunidad del sector magisterial ante la pandemia del SARS-COV-2 (COVID-19).<\/p>\n\n\n\n<p>De acuerdo con el secretario general del Sindicato Estatal de Trabajadores de la Educaci\u00f3n (SETE), Armando Chama Ju\u00e1rez, algunos profesores no pudieron registrarse en el sistema para acceder a la vacuna contra el coronavirus.<\/p>\n\n\n\n<p>\u201cDicha plataforma no funciona al 100 por ciento y que, incluso, hay muchos errores en la informaci\u00f3n que tienen, raz\u00f3n por la cual quienes lo intentaron se salieron del sistema\u201d.<\/p>\n\n\n\n<p>El l\u00edder magisterial se\u00f1al\u00f3 que resulta complicado calcular el porcentaje de docentes que no han logrado registrarse en la plataforma digital habilitada por la Secretar\u00eda de Educaci\u00f3n de Veracruz (SEV) para ser vacunados.<\/p>\n\n\n\n<p>\u201cSi estamos hablando de un promedio de 188 mil trabajadores es dif\u00edcil tener un estimado\u201d, expres\u00f3.<\/p>\n\n\n\n<p>Chama Ju\u00e1rez consider\u00f3 que antes de vacunar al sector educativo primero debe aplicarse totalmente al sector salud y a los adultos mayores de 60 a\u00f1os, para posteriormente iniciar con docentes, personal de apoyo y directivos.<\/p>\n\n\n\n<p>\u201cNosotros que pertenecemos a la tercera l\u00ednea, debe de ser incluyente, es decir, aplicarse a personal de apoyo, docentes y directivos, no \u00fanicamente a los docentes porque todos estamos involucrados\u201d.<\/p>\n\n\n\n<p>Finalmente, el dirigente del Sindicato Estatal de Trabajadores de la Educaci\u00f3n refiri\u00f3 que algunos profesores activos y mayores de 60 a\u00f1os de edad rechazaron ser vacunados contra el COVID-19 por cuestiones personales.<\/p>\n","protected":false},"excerpt":{"rendered":"<p>Juan Arcos Xalapa, Ver.- Docentes reportaron fallas en la plataforma digital \u201cMi Vacuna SEV\u201d, situaci\u00f3n que ha retrasado la inmunidad del sector magisterial ante la pandemia del SARS-COV-2 (COVID-19). De acuerdo con el secretario general del Sindicato Estatal de Trabajadores de la Educaci\u00f3n (SETE), Armando Chama Ju\u00e1rez, algunos profesores no pudieron registrarse en el sistema [&hellip;]<\/p>\n","protected":false},"author":1,"featured_media":12791,"comment_status":"open","ping_status":"open","sticky":false,"template":"","format":"standard","meta":{"_jetpack_memberships_contains_paid_content":false,"footnotes":""},"categories":[2],"tags":[],"class_list":["post-12790","post","type-post","status-publish","format-standard","has-post-thumbnail","hentry","category-estado"],"jetpack_featured_media_url":"https:\/\/encuentroinformativo.com.mx\/wp-content\/uploads\/2021\/04\/556B9EB9-8057-46B4-8AEC-CEA958B29872.jpeg","jetpack_sharing_enabled":true,"jetpack_likes_enabled":true,"amp_enabled":true,"_links":{"self":[{"href":"https:\/\/encuentroinformativo.com.mx\/index.php?rest_route=\/wp\/v2\/posts\/12790","targetHints":{"allow":["GET"]}}],"collection":[{"href":"https:\/\/encuentroinformativo.com.mx\/index.php?rest_route=\/wp\/v2\/posts"}],"about":[{"href":"https:\/\/encuentroinformativo.com.mx\/index.php?rest_route=\/wp\/v2\/types\/post"}],"author":[{"embeddable":true,"href":"https:\/\/encuentroinformativo.com.mx\/index.php?rest_route=\/wp\/v2\/users\/1"}],"replies":[{"embeddable":true,"href":"https:\/\/encuentroinformativo.com.mx\/index.php?rest_route=%2Fwp%2Fv2%2Fcomments&post=12790"}],"version-history":[{"count":1,"href":"https:\/\/encuentroinformativo.com.mx\/index.php?rest_route=\/wp\/v2\/posts\/12790\/revisions"}],"predecessor-version":[{"id":12792,"href":"https:\/\/encuentroinformativo.com.mx\/index.php?rest_route=\/wp\/v2\/posts\/12790\/revisions\/12792"}],"wp:featuredmedia":[{"embeddable":true,"href":"https:\/\/encuentroinformativo.com.mx\/index.php?rest_route=\/wp\/v2\/media\/12791"}],"wp:attachment":[{"href":"https:\/\/encuentroinformativo.com.mx\/index.php?rest_route=%2Fwp%2Fv2%2Fmedia&parent=12790"}],"wp:term":[{"taxonomy":"category","embeddable":true,"href":"https:\/\/encuentroinformativo.com.mx\/index.php?rest_route=%2Fwp%2Fv2%2Fcategories&post=12790"},{"taxonomy":"post_tag","embeddable":true,"href":"https:\/\/encuentroinformativo.com.mx\/index.php?rest_route=%2Fwp%2Fv2%2Ftags&post=12790"}],"curies":[{"name":"wp","href":"https:\/\/api.w.org\/{rel}","templated":true}]}}