{"id":12793,"date":"2021-04-09T15:46:25","date_gmt":"2021-04-09T20:46:25","guid":{"rendered":"https:\/\/encuentroinformativo.com.mx\/?p=12793"},"modified":"2021-04-09T15:46:29","modified_gmt":"2021-04-09T20:46:29","slug":"por-remodelacion-reubicaran-a-locatarios-de-mercado-la-rotonda","status":"publish","type":"post","link":"https:\/\/encuentroinformativo.com.mx\/?p=12793","title":{"rendered":"Por remodelaci\u00f3n, reubicar\u00e1n a locatarios de mercado La Rotonda"},"content":{"rendered":"\n<p><strong>Juan Arcos<\/strong><\/p>\n\n\n\n<p>Xalapa, Ver.- Los locatarios del mercado \u201cAdolfo Ruiz Cortines\u201d, mejor conocido como \u201cLa Rotonda\u201d, ser\u00e1n reubicados al antiguo edificio de la universidad Euro Hispanoamericana, durante los trabajos para la reconstrucci\u00f3n del recinto comercial.<\/p>\n\n\n\n<p>El inmueble se encuentra sobre la avenida Am\u00e9ricas y cuenta con el espacio suficiente para los vendedores de los 148 locales del mercado.<\/p>\n\n\n\n<p>As\u00ed lo dio a conocer Juan Ram\u00f3n Moro Ponce, integrante del comit\u00e9 del mercado, quien a\u00f1adi\u00f3 que los comerciantes est\u00e1n de acuerdo con la propuesta de reubicaci\u00f3n planteada por parte del ayuntamiento de Xalapa.<\/p>\n\n\n\n<p>\u201cLa postura actual del mercado y de los locatarios es que s\u00ed vamos con la restauraci\u00f3n y con todo el proyecto de Sedatu, siempre y cuando no se nos violenten nuestros derechos y nuestras garant\u00edas\u201d.<\/p>\n\n\n\n<p>El entrevistado indic\u00f3 que la reubicaci\u00f3n de los vendedores podr\u00eda concretarse antes del mes de mayo, toda vez que los trabajos podr\u00edan iniciar durante la segunda quincena del mes mencionado.<\/p>\n\n\n\n<p>\u201cYa nos han confirmado que va a ser donde era anteriormente la Euro, aqu\u00ed en la avenida Am\u00e9ricas, y el proyecto, lo que nos dicen, es que una fecha tentativa de inicio es el 15 de mayo\u201d.<\/p>\n\n\n\n<p>Moro Ponce record\u00f3 que los trabajos est\u00e1n programados para llevarse a cabo durante 210 d\u00edas, por lo que se prev\u00e9 que los comerciantes regresen a sus locales comerciantes en el mercado \u201cLa Rotonda\u201d en octubre o noviembre.<\/p>\n\n\n\n<p>Refiri\u00f3 que la empresa Gesa estar\u00e1 a cargo de la reconstrucci\u00f3n del recinto comercial, misma que se ha comprometido a concluir la obra en el tiempo planteado.<\/p>\n","protected":false},"excerpt":{"rendered":"<p>Juan Arcos Xalapa, Ver.- Los locatarios del mercado \u201cAdolfo Ruiz Cortines\u201d, mejor conocido como \u201cLa Rotonda\u201d, ser\u00e1n reubicados al antiguo edificio de la universidad Euro Hispanoamericana, durante los trabajos para la reconstrucci\u00f3n del recinto comercial. El inmueble se encuentra sobre la avenida Am\u00e9ricas y cuenta con el espacio suficiente para los vendedores de los 148 [&hellip;]<\/p>\n","protected":false},"author":1,"featured_media":12794,"comment_status":"open","ping_status":"open","sticky":false,"template":"","format":"standard","meta":{"_jetpack_memberships_contains_paid_content":false,"footnotes":""},"categories":[3],"tags":[],"class_list":["post-12793","post","type-post","status-publish","format-standard","has-post-thumbnail","hentry","category-xalapa"],"jetpack_featured_media_url":"https:\/\/encuentroinformativo.com.mx\/wp-content\/uploads\/2021\/04\/253F77C8-6568-4179-B86D-1B8742CD6DE2.jpeg","jetpack_sharing_enabled":true,"jetpack_likes_enabled":true,"amp_enabled":true,"_links":{"self":[{"href":"https:\/\/encuentroinformativo.com.mx\/index.php?rest_route=\/wp\/v2\/posts\/12793","targetHints":{"allow":["GET"]}}],"collection":[{"href":"https:\/\/encuentroinformativo.com.mx\/index.php?rest_route=\/wp\/v2\/posts"}],"about":[{"href":"https:\/\/encuentroinformativo.com.mx\/index.php?rest_route=\/wp\/v2\/types\/post"}],"author":[{"embeddable":true,"href":"https:\/\/encuentroinformativo.com.mx\/index.php?rest_route=\/wp\/v2\/users\/1"}],"replies":[{"embeddable":true,"href":"https:\/\/encuentroinformativo.com.mx\/index.php?rest_route=%2Fwp%2Fv2%2Fcomments&post=12793"}],"version-history":[{"count":1,"href":"https:\/\/encuentroinformativo.com.mx\/index.php?rest_route=\/wp\/v2\/posts\/12793\/revisions"}],"predecessor-version":[{"id":12795,"href":"https:\/\/encuentroinformativo.com.mx\/index.php?rest_route=\/wp\/v2\/posts\/12793\/revisions\/12795"}],"wp:featuredmedia":[{"embeddable":true,"href":"https:\/\/encuentroinformativo.com.mx\/index.php?rest_route=\/wp\/v2\/media\/12794"}],"wp:attachment":[{"href":"https:\/\/encuentroinformativo.com.mx\/index.php?rest_route=%2Fwp%2Fv2%2Fmedia&parent=12793"}],"wp:term":[{"taxonomy":"category","embeddable":true,"href":"https:\/\/encuentroinformativo.com.mx\/index.php?rest_route=%2Fwp%2Fv2%2Fcategories&post=12793"},{"taxonomy":"post_tag","embeddable":true,"href":"https:\/\/encuentroinformativo.com.mx\/index.php?rest_route=%2Fwp%2Fv2%2Ftags&post=12793"}],"curies":[{"name":"wp","href":"https:\/\/api.w.org\/{rel}","templated":true}]}}