{"id":12805,"date":"2021-04-10T13:44:08","date_gmt":"2021-04-10T18:44:08","guid":{"rendered":"https:\/\/encuentroinformativo.com.mx\/?p=12805"},"modified":"2021-04-10T13:44:12","modified_gmt":"2021-04-10T18:44:12","slug":"sesver-sin-medicamentos-oncologicos-y-no-permite-apoyos-de-ac","status":"publish","type":"post","link":"https:\/\/encuentroinformativo.com.mx\/?p=12805","title":{"rendered":"SESVER sin medicamentos oncol\u00f3gicos y no permite apoyos de AC"},"content":{"rendered":"\n<p><strong>Alejandro \u00c1vila<\/strong><\/p>\n\n\n\n<p>Veracruz, Ver.- Una vez existe desabasto de medicamento oncol\u00f3gico en la Torre Pedi\u00e1trica de Veracruz, se\u00f1alaron los padres de menores de edad que ah\u00ed reciben sus consultas.<\/p>\n\n\n\n<p>La vocera de los padres y madre del peque\u00f1o Iker, Yunuet Segovia, se\u00f1al\u00f3 que tanto a su hijo de siete a\u00f1os, como a varios pacientes m\u00e1s, les hacen falta medicamentos como, carboplatino, metotrexato y piritinol.<\/p>\n\n\n\n<p>Declar\u00f3 que este problema inici\u00f3 hace tres a\u00f1os, pero este \u00faltimo ha sido el m\u00e1s dificil y donde m\u00e1s veces se han quedado sin medicamento para terapias; mientras que la Secretar\u00eda de Salud solo se limita a decir, &#8220;estamos trabajando en ello&#8221;, pero el tiempo corre y la vida de sus hijos corre peligro, apunt\u00f3.<\/p>\n\n\n\n<p>Cuando cuestionan en las \u00e1reas encargadas sobre los medicamentos, les dicen, &#8220;no hay fecha, hay desabasto y es en todo el pa\u00eds&#8221;.<\/p>\n\n\n\n<p>Acus\u00f3 que antes, cuando suced\u00eda una situaci\u00f3n as\u00ed, se apoyaban en las Asociaciones Civiles, hoy es casi imposible que les permitan ayudar.<\/p>\n\n\n\n<p>&#8220;Todav\u00eda que las asociaciones tratan de ayudar y los encuentran si no traen ciertos datos o papeles no te lo dejan pasar, o sea todav\u00eda que no te ayudan no dejan que otros te ayuden (\u2026) Cuando ellos ponen tratamiento tampoco te dicen las especificaciones de lo que le ponen, es un problema si grave y la verdad si no fuera por los m\u00e9dicos y las asociaciones no llevar\u00eda el tratamiento mi hijo, porque los directivos del hospital se desentienden&#8221;, asest\u00f3.<\/p>\n\n\n\n<p>Finalmente, record\u00f3 que hay escacez de Piritinol y Metotrexato, medicamentos que se administran a pacientes que est\u00e1n en la recta final del tratamiento, por lo que su cumplimiento es primordial para evitar una reca\u00edda<\/p>\n","protected":false},"excerpt":{"rendered":"<p>Alejandro \u00c1vila Veracruz, Ver.- Una vez existe desabasto de medicamento oncol\u00f3gico en la Torre Pedi\u00e1trica de Veracruz, se\u00f1alaron los padres de menores de edad que ah\u00ed reciben sus consultas. La vocera de los padres y madre del peque\u00f1o Iker, Yunuet Segovia, se\u00f1al\u00f3 que tanto a su hijo de siete a\u00f1os, como a varios pacientes m\u00e1s, [&hellip;]<\/p>\n","protected":false},"author":1,"featured_media":12806,"comment_status":"open","ping_status":"open","sticky":false,"template":"","format":"standard","meta":{"_jetpack_memberships_contains_paid_content":false,"footnotes":""},"categories":[2],"tags":[],"class_list":["post-12805","post","type-post","status-publish","format-standard","has-post-thumbnail","hentry","category-estado"],"jetpack_featured_media_url":"https:\/\/encuentroinformativo.com.mx\/wp-content\/uploads\/2021\/04\/F150E13F-3CFA-42D0-B1DF-573A659009C7.jpeg","jetpack_sharing_enabled":true,"jetpack_likes_enabled":true,"amp_enabled":true,"_links":{"self":[{"href":"https:\/\/encuentroinformativo.com.mx\/index.php?rest_route=\/wp\/v2\/posts\/12805","targetHints":{"allow":["GET"]}}],"collection":[{"href":"https:\/\/encuentroinformativo.com.mx\/index.php?rest_route=\/wp\/v2\/posts"}],"about":[{"href":"https:\/\/encuentroinformativo.com.mx\/index.php?rest_route=\/wp\/v2\/types\/post"}],"author":[{"embeddable":true,"href":"https:\/\/encuentroinformativo.com.mx\/index.php?rest_route=\/wp\/v2\/users\/1"}],"replies":[{"embeddable":true,"href":"https:\/\/encuentroinformativo.com.mx\/index.php?rest_route=%2Fwp%2Fv2%2Fcomments&post=12805"}],"version-history":[{"count":1,"href":"https:\/\/encuentroinformativo.com.mx\/index.php?rest_route=\/wp\/v2\/posts\/12805\/revisions"}],"predecessor-version":[{"id":12807,"href":"https:\/\/encuentroinformativo.com.mx\/index.php?rest_route=\/wp\/v2\/posts\/12805\/revisions\/12807"}],"wp:featuredmedia":[{"embeddable":true,"href":"https:\/\/encuentroinformativo.com.mx\/index.php?rest_route=\/wp\/v2\/media\/12806"}],"wp:attachment":[{"href":"https:\/\/encuentroinformativo.com.mx\/index.php?rest_route=%2Fwp%2Fv2%2Fmedia&parent=12805"}],"wp:term":[{"taxonomy":"category","embeddable":true,"href":"https:\/\/encuentroinformativo.com.mx\/index.php?rest_route=%2Fwp%2Fv2%2Fcategories&post=12805"},{"taxonomy":"post_tag","embeddable":true,"href":"https:\/\/encuentroinformativo.com.mx\/index.php?rest_route=%2Fwp%2Fv2%2Ftags&post=12805"}],"curies":[{"name":"wp","href":"https:\/\/api.w.org\/{rel}","templated":true}]}}