{"id":12812,"date":"2021-04-10T15:12:29","date_gmt":"2021-04-10T20:12:29","guid":{"rendered":"https:\/\/encuentroinformativo.com.mx\/?p=12812"},"modified":"2021-04-10T15:12:32","modified_gmt":"2021-04-10T20:12:32","slug":"demandan-destitucion-de-directora-de-hospital-en-gutierrez-zamora","status":"publish","type":"post","link":"https:\/\/encuentroinformativo.com.mx\/?p=12812","title":{"rendered":"Demandan destituci\u00f3n de directora de hospital en Guti\u00e9rrez Zamora"},"content":{"rendered":"\n<p><strong>Alejandro \u00c1vila<\/strong><\/p>\n\n\n\n<p><strong>Foto<\/strong>: Luis Maldonado\/Cortes\u00eda <\/p>\n\n\n\n<p>Guti\u00e9rrez Zamora, Ver.- Desde que asumi\u00f3 el cargo la nueva administraci\u00f3n del Hospital Civil &#8220;Melchor Ocampo&#8221; en el municipio Guti\u00e9rrez Zamora, la tensi\u00f3n, malos tratos y problemas comenzaron a aparecer entre el personal m\u00e9dico y administrativo.<\/p>\n\n\n\n<p>La tarde de este viernes se lleg\u00f3 a un l\u00edmite y algunos colaboradores, saliendo de su turno, realizaron una manifestaci\u00f3n, solicitando la destituci\u00f3n de la directora, Madeleine Garc\u00eda Guevara, a quien acusan de presuntamente violentar sus derechos laborales, dirijirse de manera prepotente y ejecutar nepotismo.<\/p>\n\n\n\n<p>El resto de compa\u00f1eros en turno respaldaron el reclamo, y remarcaron con cartulinas las acusaciones en contra de la administradora, quien ha permitido, se\u00f1alan, se realicen en el lugar cirug\u00edas particulares, con benericio econ\u00f3mico personal.<\/p>\n\n\n\n<p>Los quejosos, aclararon que en ning\u00fan momento se suspendieron los trabajos al interior del hospital; pues los manifestantes hab\u00edan salido de su turno o era su d\u00eda de descanso, y las guardias se llevaron a cabo de forma normal.<\/p>\n","protected":false},"excerpt":{"rendered":"<p>Alejandro \u00c1vila Foto: Luis Maldonado\/Cortes\u00eda Guti\u00e9rrez Zamora, Ver.- Desde que asumi\u00f3 el cargo la nueva administraci\u00f3n del Hospital Civil &#8220;Melchor Ocampo&#8221; en el municipio Guti\u00e9rrez Zamora, la tensi\u00f3n, malos tratos y problemas comenzaron a aparecer entre el personal m\u00e9dico y administrativo. La tarde de este viernes se lleg\u00f3 a un l\u00edmite y algunos colaboradores, saliendo [&hellip;]<\/p>\n","protected":false},"author":1,"featured_media":12813,"comment_status":"open","ping_status":"open","sticky":false,"template":"","format":"standard","meta":{"_jetpack_memberships_contains_paid_content":false,"footnotes":""},"categories":[2],"tags":[],"class_list":["post-12812","post","type-post","status-publish","format-standard","has-post-thumbnail","hentry","category-estado"],"jetpack_featured_media_url":"https:\/\/encuentroinformativo.com.mx\/wp-content\/uploads\/2021\/04\/4BF68832-5432-40EF-8216-8A8C83BAA2FA.jpeg","jetpack_sharing_enabled":true,"jetpack_likes_enabled":true,"amp_enabled":true,"_links":{"self":[{"href":"https:\/\/encuentroinformativo.com.mx\/index.php?rest_route=\/wp\/v2\/posts\/12812","targetHints":{"allow":["GET"]}}],"collection":[{"href":"https:\/\/encuentroinformativo.com.mx\/index.php?rest_route=\/wp\/v2\/posts"}],"about":[{"href":"https:\/\/encuentroinformativo.com.mx\/index.php?rest_route=\/wp\/v2\/types\/post"}],"author":[{"embeddable":true,"href":"https:\/\/encuentroinformativo.com.mx\/index.php?rest_route=\/wp\/v2\/users\/1"}],"replies":[{"embeddable":true,"href":"https:\/\/encuentroinformativo.com.mx\/index.php?rest_route=%2Fwp%2Fv2%2Fcomments&post=12812"}],"version-history":[{"count":1,"href":"https:\/\/encuentroinformativo.com.mx\/index.php?rest_route=\/wp\/v2\/posts\/12812\/revisions"}],"predecessor-version":[{"id":12814,"href":"https:\/\/encuentroinformativo.com.mx\/index.php?rest_route=\/wp\/v2\/posts\/12812\/revisions\/12814"}],"wp:featuredmedia":[{"embeddable":true,"href":"https:\/\/encuentroinformativo.com.mx\/index.php?rest_route=\/wp\/v2\/media\/12813"}],"wp:attachment":[{"href":"https:\/\/encuentroinformativo.com.mx\/index.php?rest_route=%2Fwp%2Fv2%2Fmedia&parent=12812"}],"wp:term":[{"taxonomy":"category","embeddable":true,"href":"https:\/\/encuentroinformativo.com.mx\/index.php?rest_route=%2Fwp%2Fv2%2Fcategories&post=12812"},{"taxonomy":"post_tag","embeddable":true,"href":"https:\/\/encuentroinformativo.com.mx\/index.php?rest_route=%2Fwp%2Fv2%2Ftags&post=12812"}],"curies":[{"name":"wp","href":"https:\/\/api.w.org\/{rel}","templated":true}]}}