{"id":12818,"date":"2021-04-10T18:56:36","date_gmt":"2021-04-10T23:56:36","guid":{"rendered":"https:\/\/encuentroinformativo.com.mx\/?p=12818"},"modified":"2021-04-10T18:56:41","modified_gmt":"2021-04-10T23:56:41","slug":"concluye-plazo-para-recoger-credencial-de-elector","status":"publish","type":"post","link":"https:\/\/encuentroinformativo.com.mx\/?p=12818","title":{"rendered":"Concluye plazo para recoger credencial de elector"},"content":{"rendered":"\n<p><strong>Dar\u00edo Pale<\/strong><\/p>\n\n\n\n<p>Xalapa, Ver.- Felipe Landa Aparicio, encargado del m\u00f3dulo del INE en Coatepec dio a conocer que este d\u00eda vence el plazo para que los ciudadanos puedan recoger su credencial de elector ya que quienes no lo hagan tendr\u00e1n que esperar hasta despu\u00e9s de las eleciones.<\/p>\n\n\n\n<p>Entrevistado en las instalaciones del m\u00f3dulo del Instituto Nacional Electoral (INE) en Coatepec, se\u00f1al\u00f3 que este d\u00eda vence&nbsp;el plazo para que los ciudadanos recogieran su credencial para votar en alguno de los m\u00f3dulos y quienes por cualquier raz\u00f3n no acudieron, deber\u00e1n esperar al 7 de junio, un d\u00eda despu\u00e9s de que de lleven a cabo las votaciones.<\/p>\n\n\n\n<p>&#8220;A veces porque ya cambiaron de domicilio o a veces es gente que sale a trabajar fuera y no le da tiempo de recoger la credencial y regresan a fin de a\u00f1o o cada seis meses, es por eso que no pueden venir a recoger sus credenciales&#8221;, se\u00f1al\u00f3.<\/p>\n\n\n\n<p>Despu\u00e9s de esta fecha las credenciales estar\u00e1n resguardadas en los m\u00f3dulos del INE durante dos a\u00f1os a disposici\u00f3n de sus propietarios.<\/p>\n\n\n\n<p>Finalmente dio a conocer que a\u00fan as\u00ed hay casos en los que los ciudadanos no las recogen porque se fueron del pa\u00eds o a otra entidad, entre otros motivos.<\/p>\n","protected":false},"excerpt":{"rendered":"<p>Dar\u00edo Pale Xalapa, Ver.- Felipe Landa Aparicio, encargado del m\u00f3dulo del INE en Coatepec dio a conocer que este d\u00eda vence el plazo para que los ciudadanos puedan recoger su credencial de elector ya que quienes no lo hagan tendr\u00e1n que esperar hasta despu\u00e9s de las eleciones. Entrevistado en las instalaciones del m\u00f3dulo del Instituto [&hellip;]<\/p>\n","protected":false},"author":1,"featured_media":12819,"comment_status":"open","ping_status":"open","sticky":false,"template":"","format":"standard","meta":{"_jetpack_memberships_contains_paid_content":false,"footnotes":""},"categories":[8],"tags":[],"class_list":["post-12818","post","type-post","status-publish","format-standard","has-post-thumbnail","hentry","category-region"],"jetpack_featured_media_url":"https:\/\/encuentroinformativo.com.mx\/wp-content\/uploads\/2021\/04\/2E77C08A-3368-4383-B285-DBD0EF2A2AA6.jpeg","jetpack_sharing_enabled":true,"jetpack_likes_enabled":true,"amp_enabled":true,"_links":{"self":[{"href":"https:\/\/encuentroinformativo.com.mx\/index.php?rest_route=\/wp\/v2\/posts\/12818","targetHints":{"allow":["GET"]}}],"collection":[{"href":"https:\/\/encuentroinformativo.com.mx\/index.php?rest_route=\/wp\/v2\/posts"}],"about":[{"href":"https:\/\/encuentroinformativo.com.mx\/index.php?rest_route=\/wp\/v2\/types\/post"}],"author":[{"embeddable":true,"href":"https:\/\/encuentroinformativo.com.mx\/index.php?rest_route=\/wp\/v2\/users\/1"}],"replies":[{"embeddable":true,"href":"https:\/\/encuentroinformativo.com.mx\/index.php?rest_route=%2Fwp%2Fv2%2Fcomments&post=12818"}],"version-history":[{"count":1,"href":"https:\/\/encuentroinformativo.com.mx\/index.php?rest_route=\/wp\/v2\/posts\/12818\/revisions"}],"predecessor-version":[{"id":12820,"href":"https:\/\/encuentroinformativo.com.mx\/index.php?rest_route=\/wp\/v2\/posts\/12818\/revisions\/12820"}],"wp:featuredmedia":[{"embeddable":true,"href":"https:\/\/encuentroinformativo.com.mx\/index.php?rest_route=\/wp\/v2\/media\/12819"}],"wp:attachment":[{"href":"https:\/\/encuentroinformativo.com.mx\/index.php?rest_route=%2Fwp%2Fv2%2Fmedia&parent=12818"}],"wp:term":[{"taxonomy":"category","embeddable":true,"href":"https:\/\/encuentroinformativo.com.mx\/index.php?rest_route=%2Fwp%2Fv2%2Fcategories&post=12818"},{"taxonomy":"post_tag","embeddable":true,"href":"https:\/\/encuentroinformativo.com.mx\/index.php?rest_route=%2Fwp%2Fv2%2Ftags&post=12818"}],"curies":[{"name":"wp","href":"https:\/\/api.w.org\/{rel}","templated":true}]}}