{"id":12829,"date":"2021-04-11T13:19:41","date_gmt":"2021-04-11T18:19:41","guid":{"rendered":"https:\/\/encuentroinformativo.com.mx\/?p=12829"},"modified":"2021-04-11T13:19:45","modified_gmt":"2021-04-11T18:19:45","slug":"filtran-lista-de-plurinominales-a-locales-por-el-pan","status":"publish","type":"post","link":"https:\/\/encuentroinformativo.com.mx\/?p=12829","title":{"rendered":"Filtran lista de plurinominales a locales por el PAN"},"content":{"rendered":"\n<p><strong>Alejandro \u00c1vila<\/strong><\/p>\n\n\n\n<p>Veracruz, Ver.- Casi para terminar el d\u00eda s\u00e1bado 10 de abril se dio a conocer una presunta lista de aspirantes a la diputaci\u00f3n local en Veracruz por la v\u00eda plurinominal del Partido Acci\u00f3n Nacional.<\/p>\n\n\n\n<p>Sorprende que los primeros 3 lugares est\u00e9n repartidos para actuales diputados locales, que con esto cumplir\u00edan un proceso m\u00e1s en la legislatura veracruzana.<\/p>\n\n\n\n<p>Seg\u00fan esta lista, las primeras tres posiciones son para: 1.- Enrique Cambranis Torres; 2.- Nora Lagunes Jauregui; y 3.- Bingen Rementeria Molina.<\/p>\n\n\n\n<p>Contin\u00faa la lista los siguientes ciudadanos: 4.- Itzel Yescas Valvidia; 5.- Isaac Eduardo Luz L\u00f3pez;\u00a06.- Ver\u00f3nica Pulido Herrera; 7.- Sergio Hern\u00e1ndez Hern\u00e1ndez; 8.-\u00a0 Ana Cristina Ledezma L\u00f3pez; 9.- Juan Luis Rojas Mora; 10.- Andrea Fernanda Garc\u00eda Arias; 11.- Omar Guillermo Miranda Romero; 12.- Zita Eleanor Hern\u00e1ndez Zamora; 13.- Agust\u00edn Andrade Murga; 14.- Monserrat Cuenca Villegas; y 15.- Marco Antonio N\u00fa\u00f1ez Ramos.<\/p>\n\n\n\n<p>Poco de estos panistas son identificados con el grupo de la familia Yunes, siendo m\u00e1s de otras corrientes al interior del blanquiazul veracruzano.<\/p>\n\n\n\n<p>Es de destacar que esta lista fue filtrada y a\u00fan no se ha confirmado sea la oficial por parte de la dirigencia estatal que preside Joaqu\u00edn Rosendo Guzm\u00e1n Avil\u00e9s. Cabe recordar que debe ser la dirigencia nacional del PAN quien d\u00e9 su aprobaci\u00f3n para que estos sean inscritos formalmente en esa posici\u00f3n en el Organismo P\u00fablico Local Electoral (OPLE).\u00a0\u00a0<\/p>\n","protected":false},"excerpt":{"rendered":"<p>Alejandro \u00c1vila Veracruz, Ver.- Casi para terminar el d\u00eda s\u00e1bado 10 de abril se dio a conocer una presunta lista de aspirantes a la diputaci\u00f3n local en Veracruz por la v\u00eda plurinominal del Partido Acci\u00f3n Nacional. Sorprende que los primeros 3 lugares est\u00e9n repartidos para actuales diputados locales, que con esto cumplir\u00edan un proceso m\u00e1s [&hellip;]<\/p>\n","protected":false},"author":1,"featured_media":12822,"comment_status":"open","ping_status":"open","sticky":false,"template":"","format":"standard","meta":{"_jetpack_memberships_contains_paid_content":false,"footnotes":""},"categories":[2],"tags":[],"class_list":["post-12829","post","type-post","status-publish","format-standard","has-post-thumbnail","hentry","category-estado"],"jetpack_featured_media_url":"https:\/\/encuentroinformativo.com.mx\/wp-content\/uploads\/2021\/04\/C1A93AD9-E507-4DC0-B2EC-7463710E7CF8.jpeg","jetpack_sharing_enabled":true,"jetpack_likes_enabled":true,"amp_enabled":true,"_links":{"self":[{"href":"https:\/\/encuentroinformativo.com.mx\/index.php?rest_route=\/wp\/v2\/posts\/12829","targetHints":{"allow":["GET"]}}],"collection":[{"href":"https:\/\/encuentroinformativo.com.mx\/index.php?rest_route=\/wp\/v2\/posts"}],"about":[{"href":"https:\/\/encuentroinformativo.com.mx\/index.php?rest_route=\/wp\/v2\/types\/post"}],"author":[{"embeddable":true,"href":"https:\/\/encuentroinformativo.com.mx\/index.php?rest_route=\/wp\/v2\/users\/1"}],"replies":[{"embeddable":true,"href":"https:\/\/encuentroinformativo.com.mx\/index.php?rest_route=%2Fwp%2Fv2%2Fcomments&post=12829"}],"version-history":[{"count":1,"href":"https:\/\/encuentroinformativo.com.mx\/index.php?rest_route=\/wp\/v2\/posts\/12829\/revisions"}],"predecessor-version":[{"id":12830,"href":"https:\/\/encuentroinformativo.com.mx\/index.php?rest_route=\/wp\/v2\/posts\/12829\/revisions\/12830"}],"wp:featuredmedia":[{"embeddable":true,"href":"https:\/\/encuentroinformativo.com.mx\/index.php?rest_route=\/wp\/v2\/media\/12822"}],"wp:attachment":[{"href":"https:\/\/encuentroinformativo.com.mx\/index.php?rest_route=%2Fwp%2Fv2%2Fmedia&parent=12829"}],"wp:term":[{"taxonomy":"category","embeddable":true,"href":"https:\/\/encuentroinformativo.com.mx\/index.php?rest_route=%2Fwp%2Fv2%2Fcategories&post=12829"},{"taxonomy":"post_tag","embeddable":true,"href":"https:\/\/encuentroinformativo.com.mx\/index.php?rest_route=%2Fwp%2Fv2%2Ftags&post=12829"}],"curies":[{"name":"wp","href":"https:\/\/api.w.org\/{rel}","templated":true}]}}