{"id":1284,"date":"2020-03-25T18:57:28","date_gmt":"2020-03-26T00:57:28","guid":{"rendered":"https:\/\/encuentroinformativo.com\/?p=1284"},"modified":"2020-03-25T18:57:31","modified_gmt":"2020-03-26T00:57:31","slug":"alista-congreso-nombramientos-a-modo","status":"publish","type":"post","link":"https:\/\/encuentroinformativo.com.mx\/?p=1284","title":{"rendered":"Alista Congreso nombramientos \u201ca modo\u201d"},"content":{"rendered":"\n<p><strong>Dar\u00edo Pale <\/strong><\/p>\n\n\n\n<p>Xalapa, Ver.- A trav\u00e9s de un documento que circula al interior del congreso del estado se dio a conocer que el d\u00eda de ma\u00f1ana en sesi\u00f3n extraordinaria se aprobar\u00e1 la destituci\u00f3n definitiva del exfiscal Jorge Winkler Ortiz y el nombramiento de Naldy Patricia Rodr\u00edguez Lagunes como comisionada del IVAI.<\/p>\n\n\n\n<p>Quien actualmente se desempe\u00f1a como la titular de la Unidad de transparencia de la Secretaria de Gobierno Naldy Patricia Rodr\u00edguez Lagunes, ser\u00e1 la nueva comisionada del IVAI, esto seg\u00fan un documento que circula al interior del congreso del estado.<\/p>\n\n\n\n<p>De ser as\u00ed est\u00e1 ser\u00eda otro organismo aut\u00f3nomo del estado de Veracruz en donde el secretario de gobierno Erick Patrocinio Cisneros Burgos tendr\u00eda un recomendado tal y como sucedi\u00f3 en la Fiscal\u00eda General del Estado donde coloc\u00f3 a quien fuera su titular del Jur\u00eddico, a la presidenta del Tribunal Superior de Justicia del Estado, a la Contralora del Estado y a la del ORFIS.<\/p>\n\n\n\n<p>Con lo anterior tendr\u00e1 el control de los diferentes \u00f3rganos aut\u00f3nomos del estado de Veracruz con lo cual el gobernador del estado Cuitl\u00e1huac Garc\u00eda Jim\u00e9nez no tendr\u00eda injerencia en ninguno de estos.<\/p>\n\n\n\n<p>En dicho documento tambi\u00e9n se\u00f1ala que el d\u00eda de ma\u00f1ana en la sesi\u00f3n extraordinaria tratar\u00e1n la destituci\u00f3n definitiva del exfiscal de Veracruz Jorge Winkler, esto antes de que la SCJN emita alg\u00fan dictamen.<\/p>\n\n\n\n<p><\/p>\n\n\n\n<p><\/p>\n","protected":false},"excerpt":{"rendered":"<p>Dar\u00edo Pale Xalapa, Ver.- A trav\u00e9s de un documento que circula al interior del congreso del estado se dio a conocer que el d\u00eda de ma\u00f1ana en sesi\u00f3n extraordinaria se aprobar\u00e1 la destituci\u00f3n definitiva del exfiscal Jorge Winkler Ortiz y el nombramiento de Naldy Patricia Rodr\u00edguez Lagunes como comisionada del IVAI. Quien actualmente se desempe\u00f1a [&hellip;]<\/p>\n","protected":false},"author":1,"featured_media":1285,"comment_status":"open","ping_status":"open","sticky":false,"template":"","format":"standard","meta":{"_jetpack_memberships_contains_paid_content":false,"footnotes":""},"categories":[2],"tags":[],"class_list":["post-1284","post","type-post","status-publish","format-standard","has-post-thumbnail","hentry","category-estado"],"jetpack_featured_media_url":"https:\/\/encuentroinformativo.com.mx\/wp-content\/uploads\/2020\/03\/ADECC16B-F4B4-4F78-8208-9F6425C05373.jpeg","jetpack_sharing_enabled":true,"jetpack_likes_enabled":true,"amp_enabled":true,"_links":{"self":[{"href":"https:\/\/encuentroinformativo.com.mx\/index.php?rest_route=\/wp\/v2\/posts\/1284","targetHints":{"allow":["GET"]}}],"collection":[{"href":"https:\/\/encuentroinformativo.com.mx\/index.php?rest_route=\/wp\/v2\/posts"}],"about":[{"href":"https:\/\/encuentroinformativo.com.mx\/index.php?rest_route=\/wp\/v2\/types\/post"}],"author":[{"embeddable":true,"href":"https:\/\/encuentroinformativo.com.mx\/index.php?rest_route=\/wp\/v2\/users\/1"}],"replies":[{"embeddable":true,"href":"https:\/\/encuentroinformativo.com.mx\/index.php?rest_route=%2Fwp%2Fv2%2Fcomments&post=1284"}],"version-history":[{"count":1,"href":"https:\/\/encuentroinformativo.com.mx\/index.php?rest_route=\/wp\/v2\/posts\/1284\/revisions"}],"predecessor-version":[{"id":1286,"href":"https:\/\/encuentroinformativo.com.mx\/index.php?rest_route=\/wp\/v2\/posts\/1284\/revisions\/1286"}],"wp:featuredmedia":[{"embeddable":true,"href":"https:\/\/encuentroinformativo.com.mx\/index.php?rest_route=\/wp\/v2\/media\/1285"}],"wp:attachment":[{"href":"https:\/\/encuentroinformativo.com.mx\/index.php?rest_route=%2Fwp%2Fv2%2Fmedia&parent=1284"}],"wp:term":[{"taxonomy":"category","embeddable":true,"href":"https:\/\/encuentroinformativo.com.mx\/index.php?rest_route=%2Fwp%2Fv2%2Fcategories&post=1284"},{"taxonomy":"post_tag","embeddable":true,"href":"https:\/\/encuentroinformativo.com.mx\/index.php?rest_route=%2Fwp%2Fv2%2Ftags&post=1284"}],"curies":[{"name":"wp","href":"https:\/\/api.w.org\/{rel}","templated":true}]}}