{"id":12841,"date":"2021-04-11T14:23:45","date_gmt":"2021-04-11T19:23:45","guid":{"rendered":"https:\/\/encuentroinformativo.com.mx\/?p=12841"},"modified":"2021-04-11T14:23:49","modified_gmt":"2021-04-11T19:23:49","slug":"aumento-desercion-escolar-en-zonas-indigenas","status":"publish","type":"post","link":"https:\/\/encuentroinformativo.com.mx\/?p=12841","title":{"rendered":"Aument\u00f3 deserci\u00f3n escolar en zonas ind\u00edgenas"},"content":{"rendered":"\n<p><strong>Juan Arcos<\/strong><\/p>\n\n\n\n<p>Xalapa, Ver.- La deserci\u00f3n escolar aument\u00f3 en comunidades de la sierra norte del estado de Veracruz por las carencias de los pobladores para acceder a los materiales did\u00e1cticos, durante esta pandemia del SARS-COV-2 (COVID-19).<\/p>\n\n\n\n<p>As\u00ed lo dio a conocer Araceli Beltr\u00e1n Casas, representante del Parlamento Internacional de los Pueblos Ind\u00edgenas, quien a\u00f1adi\u00f3 que en dicha zona de la entidad es notoria la falta de computadoras y asesores.<\/p>\n\n\n\n<p>La entrevistada mencion\u00f3 que los casos de deserci\u00f3n escolar han sido notorios en localidades de los municipios de Papantla y Tlachichilco.<\/p>\n\n\n\n<p>&#8220;Pero esa deserci\u00f3n se entiende porque no tienen estos medios teconol\u00f3gicos con los que nosotros contamos, ya no estudiaron, solamente ir adquiriendo los conocimientos de ellos mismos, ser muy pacientes y esperar a que algo cambiara y siguen esperanzados a que esto cambie este a\u00f1o\u201d, expres\u00f3.<\/p>\n\n\n\n<p>Los estudiantes deciden abandonar sus estudios, debido a que sus familias cuentan con un solo tel\u00e9fono celular para las clases en l\u00ednea, con poca o nula recepci\u00f3n, situaci\u00f3n que los deja incomunicados.<\/p>\n\n\n\n<p>\u201cAl no tener aparatos electr\u00f3nicos, tenemos el caso de Papantla en las comunidades que nosotros ya fuimos y tenemos los casos de Tlalchichilco y ellos con un telef\u00f3no se tienen que ir lejos para tener una recepci\u00f3n y poder estar comunicados, ellas se ense\u00f1an porque son grupos organizados de mujeres\u201d, refiri\u00f3.<\/p>\n\n\n\n<p>Derivado de esta problem\u00e1tica, las madres de familia se han organizado para impartir conocimientos en las comunidades y as\u00ed preservar las costumbres de los pueblos originarios.<\/p>\n\n\n\n<p>\u201cEllas ense\u00f1an porque son grupos organizados de mujeres, es un maravilloso sistema, admirable. Ellos arreglaron y solucionaron, en sus posibilidades\u201d.<\/p>\n\n\n\n<p>Las mujeres ense\u00f1an a las nuevas generaciones tradiciones, la fabricaci\u00f3n de artesan\u00edas, oficios rurales y gastronom\u00eda prehisp\u00e1nica que dan<br>identidad a las comunidades.<\/p>\n","protected":false},"excerpt":{"rendered":"<p>Juan Arcos Xalapa, Ver.- La deserci\u00f3n escolar aument\u00f3 en comunidades de la sierra norte del estado de Veracruz por las carencias de los pobladores para acceder a los materiales did\u00e1cticos, durante esta pandemia del SARS-COV-2 (COVID-19). As\u00ed lo dio a conocer Araceli Beltr\u00e1n Casas, representante del Parlamento Internacional de los Pueblos Ind\u00edgenas, quien a\u00f1adi\u00f3 que [&hellip;]<\/p>\n","protected":false},"author":1,"featured_media":12842,"comment_status":"open","ping_status":"open","sticky":false,"template":"","format":"standard","meta":{"_jetpack_memberships_contains_paid_content":false,"footnotes":""},"categories":[2],"tags":[],"class_list":["post-12841","post","type-post","status-publish","format-standard","has-post-thumbnail","hentry","category-estado"],"jetpack_featured_media_url":"https:\/\/encuentroinformativo.com.mx\/wp-content\/uploads\/2021\/04\/A486BBAB-08BE-42DF-8C03-6DCEF45D30D9.jpeg","jetpack_sharing_enabled":true,"jetpack_likes_enabled":true,"amp_enabled":true,"_links":{"self":[{"href":"https:\/\/encuentroinformativo.com.mx\/index.php?rest_route=\/wp\/v2\/posts\/12841","targetHints":{"allow":["GET"]}}],"collection":[{"href":"https:\/\/encuentroinformativo.com.mx\/index.php?rest_route=\/wp\/v2\/posts"}],"about":[{"href":"https:\/\/encuentroinformativo.com.mx\/index.php?rest_route=\/wp\/v2\/types\/post"}],"author":[{"embeddable":true,"href":"https:\/\/encuentroinformativo.com.mx\/index.php?rest_route=\/wp\/v2\/users\/1"}],"replies":[{"embeddable":true,"href":"https:\/\/encuentroinformativo.com.mx\/index.php?rest_route=%2Fwp%2Fv2%2Fcomments&post=12841"}],"version-history":[{"count":1,"href":"https:\/\/encuentroinformativo.com.mx\/index.php?rest_route=\/wp\/v2\/posts\/12841\/revisions"}],"predecessor-version":[{"id":12843,"href":"https:\/\/encuentroinformativo.com.mx\/index.php?rest_route=\/wp\/v2\/posts\/12841\/revisions\/12843"}],"wp:featuredmedia":[{"embeddable":true,"href":"https:\/\/encuentroinformativo.com.mx\/index.php?rest_route=\/wp\/v2\/media\/12842"}],"wp:attachment":[{"href":"https:\/\/encuentroinformativo.com.mx\/index.php?rest_route=%2Fwp%2Fv2%2Fmedia&parent=12841"}],"wp:term":[{"taxonomy":"category","embeddable":true,"href":"https:\/\/encuentroinformativo.com.mx\/index.php?rest_route=%2Fwp%2Fv2%2Fcategories&post=12841"},{"taxonomy":"post_tag","embeddable":true,"href":"https:\/\/encuentroinformativo.com.mx\/index.php?rest_route=%2Fwp%2Fv2%2Ftags&post=12841"}],"curies":[{"name":"wp","href":"https:\/\/api.w.org\/{rel}","templated":true}]}}