{"id":12844,"date":"2021-04-11T14:41:38","date_gmt":"2021-04-11T19:41:38","guid":{"rendered":"https:\/\/encuentroinformativo.com.mx\/?p=12844"},"modified":"2021-04-11T14:41:41","modified_gmt":"2021-04-11T19:41:41","slug":"con-caravana-promueven-conciencia-sobre-autismo","status":"publish","type":"post","link":"https:\/\/encuentroinformativo.com.mx\/?p=12844","title":{"rendered":"Con caravana, promueven conciencia sobre autismo"},"content":{"rendered":"\n<p><strong>Juan Arcos <\/strong><\/p>\n\n\n\n<p>Xalapa, Ver.- Madres y padres de familia, ni\u00f1as, ni\u00f1os, adolescentes y terapeutas participaron en la Caravana Nacional por el Autismo, para sensibilizar a la poblaci\u00f3n y promover la inclusi\u00f3n social de personas con este s\u00edndrome.<\/p>\n\n\n\n<p>Las personas se concentraron sobre el bulevar Rafael Gu\u00edzar y Valencia, mejor conocido como Arco Sur, para posteriormente trasladarse al Centro Hist\u00f3rico de esta capital del estado.<\/p>\n\n\n\n<p>De acuerdo con David Alejandro Torres L\u00f3pez, especialista en autismo, la movilizaci\u00f3n corresponde a una iniciativa de la Red de Discapacidad del Estado de Sonora que ha tenido \u00e9xito en el pa\u00eds y se ha replicado en los estados de Sinaloa, Jalisco, Nuevo Le\u00f3n, Quer\u00e9taro, Coahuila, Aguascalientes, Tamaulipas, Chiapas, Yucat\u00e1n, Michoac\u00e1n y Veracruz.<\/p>\n\n\n\n<p>\u201cLa convocatoria que ten\u00edan en Sonora, empezaron a invitar a otros estados, incluyendo al estado de Veracruz, a trav\u00e9s de las asociaciones civiles Autismo M\u00e9xico, Integra y Crece en Xalapa\u201d.<\/p>\n\n\n\n<p>Decenas de veh\u00edculos se sumaron a la caravana, misma que tambi\u00e9n tiene el objetivo de que la poblaci\u00f3n conozca m\u00e1s sobre el S\u00edndrome de Espectro Autista, una discapacidad del desarrollo que puede provocar problemas sociales, comunicacionales y conductuales significativos.<\/p>\n\n\n\n<p>\u201cHay gente que no conoc\u00edamos y que ahorita estamos conociendo, es un evento muy alegre para que se hable un poco m\u00e1s de autismo en estas fechas y podamos entonces visibilizar el autismo\u201d.<\/p>\n\n\n\n<p>La caravana tambi\u00e9n se llev\u00f3 a cabo en el marco del D\u00eda Mundial de Concienciaci\u00f3n sobre el Autismo, que se conmemora cada 2 de abril.<\/p>\n\n\n\n<p>Por su parte, Rosa Virginia Mart\u00ednez Conde, directora de Integra, quien particip\u00f3 como madrina de la Caravana Nacional por el Autismo 2021, festej\u00f3 la gran participaci\u00f3n de la gente en el evento.<\/p>\n\n\n\n<p>\u201cLa gente quiere hablar de autismo. Aqu\u00ed no hay colores, no hay banderas, no hay nada, simplemente es hacer visible el autismo y que sigamos trabajando juntos de la mano para que se logren muchas cosas m\u00e1s para ellos\u201d, enfatiz\u00f3.<\/p>\n\n\n\n<figure class=\"wp-block-image size-large\"><img loading=\"lazy\" decoding=\"async\" width=\"1024\" height=\"658\" src=\"https:\/\/encuentroinformativo.com.mx\/wp-content\/uploads\/2021\/04\/A031789F-19DC-4656-AA72-D7ADD3207E61-1024x658.jpeg\" alt=\"\" class=\"wp-image-12846\" srcset=\"https:\/\/encuentroinformativo.com.mx\/wp-content\/uploads\/2021\/04\/A031789F-19DC-4656-AA72-D7ADD3207E61-1024x658.jpeg 1024w, https:\/\/encuentroinformativo.com.mx\/wp-content\/uploads\/2021\/04\/A031789F-19DC-4656-AA72-D7ADD3207E61-300x193.jpeg 300w, https:\/\/encuentroinformativo.com.mx\/wp-content\/uploads\/2021\/04\/A031789F-19DC-4656-AA72-D7ADD3207E61-768x493.jpeg 768w, https:\/\/encuentroinformativo.com.mx\/wp-content\/uploads\/2021\/04\/A031789F-19DC-4656-AA72-D7ADD3207E61.jpeg 1280w\" sizes=\"auto, (max-width: 1024px) 100vw, 1024px\" \/><\/figure>\n","protected":false},"excerpt":{"rendered":"<p>Juan Arcos Xalapa, Ver.- Madres y padres de familia, ni\u00f1as, ni\u00f1os, adolescentes y terapeutas participaron en la Caravana Nacional por el Autismo, para sensibilizar a la poblaci\u00f3n y promover la inclusi\u00f3n social de personas con este s\u00edndrome. Las personas se concentraron sobre el bulevar Rafael Gu\u00edzar y Valencia, mejor conocido como Arco Sur, para posteriormente [&hellip;]<\/p>\n","protected":false},"author":1,"featured_media":12845,"comment_status":"open","ping_status":"open","sticky":false,"template":"","format":"standard","meta":{"_jetpack_memberships_contains_paid_content":false,"footnotes":""},"categories":[3],"tags":[],"class_list":["post-12844","post","type-post","status-publish","format-standard","has-post-thumbnail","hentry","category-xalapa"],"jetpack_featured_media_url":"https:\/\/encuentroinformativo.com.mx\/wp-content\/uploads\/2021\/04\/2D5E7C8B-A9F1-49BC-B157-8308361F9081.jpeg","jetpack_sharing_enabled":true,"jetpack_likes_enabled":true,"amp_enabled":true,"_links":{"self":[{"href":"https:\/\/encuentroinformativo.com.mx\/index.php?rest_route=\/wp\/v2\/posts\/12844","targetHints":{"allow":["GET"]}}],"collection":[{"href":"https:\/\/encuentroinformativo.com.mx\/index.php?rest_route=\/wp\/v2\/posts"}],"about":[{"href":"https:\/\/encuentroinformativo.com.mx\/index.php?rest_route=\/wp\/v2\/types\/post"}],"author":[{"embeddable":true,"href":"https:\/\/encuentroinformativo.com.mx\/index.php?rest_route=\/wp\/v2\/users\/1"}],"replies":[{"embeddable":true,"href":"https:\/\/encuentroinformativo.com.mx\/index.php?rest_route=%2Fwp%2Fv2%2Fcomments&post=12844"}],"version-history":[{"count":1,"href":"https:\/\/encuentroinformativo.com.mx\/index.php?rest_route=\/wp\/v2\/posts\/12844\/revisions"}],"predecessor-version":[{"id":12847,"href":"https:\/\/encuentroinformativo.com.mx\/index.php?rest_route=\/wp\/v2\/posts\/12844\/revisions\/12847"}],"wp:featuredmedia":[{"embeddable":true,"href":"https:\/\/encuentroinformativo.com.mx\/index.php?rest_route=\/wp\/v2\/media\/12845"}],"wp:attachment":[{"href":"https:\/\/encuentroinformativo.com.mx\/index.php?rest_route=%2Fwp%2Fv2%2Fmedia&parent=12844"}],"wp:term":[{"taxonomy":"category","embeddable":true,"href":"https:\/\/encuentroinformativo.com.mx\/index.php?rest_route=%2Fwp%2Fv2%2Fcategories&post=12844"},{"taxonomy":"post_tag","embeddable":true,"href":"https:\/\/encuentroinformativo.com.mx\/index.php?rest_route=%2Fwp%2Fv2%2Ftags&post=12844"}],"curies":[{"name":"wp","href":"https:\/\/api.w.org\/{rel}","templated":true}]}}