{"id":12850,"date":"2021-04-12T08:45:09","date_gmt":"2021-04-12T13:45:09","guid":{"rendered":"https:\/\/encuentroinformativo.com.mx\/?p=12850"},"modified":"2021-04-12T08:45:13","modified_gmt":"2021-04-12T13:45:13","slug":"las-pluris-del-pan","status":"publish","type":"post","link":"https:\/\/encuentroinformativo.com.mx\/?p=12850","title":{"rendered":"Las pluris del PAN"},"content":{"rendered":"\n<p><strong>Los Pol\u00edticos<\/strong><\/p>\n\n\n\n<p><strong>Salvador Mu\u00f1oz<\/strong><\/p>\n\n\n\n<p>A la fecha, no recuerdo lista de pluris que sea celebrada, ya sea al interior del partido que la exponga, o al exterior por parte del respetable.<\/p>\n\n\n\n<p>Al interior como al exterior, se esgrimen por lo regular exclamaciones con respecto a los nombres que aparecen en esa famosa lista: \u201c\u00a1Otra vez fulano o sutana!\u201d \u201c\u00bfQu\u00e9 no hay otros?\u201d y muy, pero muy dif\u00edcil, raro y extra\u00f1o alguien que diga que el nombrado entre los agraciados del partido \u201c\u00a1Ya se lo merec\u00eda!\u201d o \u201c\u00a1Hasta que le hicieron justicia!\u201d<\/p>\n\n\n\n<p>Este es el caso de la lista del PAN para las \u201cPluris\u201d locales.<\/p>\n\n\n\n<p>Los tres primeros nombres fueron citados en redes y columnas: Enrique Cambranis Torres, Nora Jessica Lagunes J\u00e1uregui y Bingen Rementer\u00eda Molina.<\/p>\n\n\n\n<p>La peculiaridad es que los tres actualmente son diputados en la LXV Legislatura local.<\/p>\n\n\n\n<p>Tanto Nora Jessica como Bingen Rementer\u00eda son uninominales (es decir, sudaron para ocupar su curul); el porte\u00f1o, dos veces de manera consecutiva. El chogoste\u00f1o lleg\u00f3 por la v\u00eda pluri.<\/p>\n\n\n\n<p>Las diputaciones Plurinominales son el reflejo del partido. Sus representantes llevan de cierto modo, la ideolog\u00eda y defensa del partido. Su nacimiento fue en aras de equilibrar las fuerzas al interior de los congresos y busc\u00f3 que cada instituto pol\u00edtico impulsara para ello, a sus ide\u00f3logos o expertos en la materia legislativa.<\/p>\n\n\n\n<p>Al final, algunos partidos han visto las posiciones plurinominales como el pago a compromisos pol\u00edticos, de cuates, compadrazgos o bien, lo que a usted se le ocurra.<\/p>\n\n\n\n<p>\u00bfSe merecen el lugar que ocupan Enrique Cambranis, Nora Jessica o Bingen Rementer\u00eda? Puede haber cantidad de enunciados en contra en pugna con una sola expresi\u00f3n que encuentro para que los hayan ubicado en esos puestos dentro de la famosa lista de plurinominales: Lealtad.<\/p>\n\n\n\n<p>S\u00ed, me pueden decir que no es Lealtad para el partido tanto como para el dirigente estatal Joaqu\u00edn Guzm\u00e1n Avil\u00e9s o incluso, hasta para el mismo coordinador de bancada, Omar Miranda Romero\u2026 pero igual, se\u00f1ores y se\u00f1oras, hay que ser sinceros, en muchas ocasiones, si no es que en la mayor\u00eda, el hombre o la mujer es el partido.<\/p>\n\n\n\n<p>Por eso, al menos as\u00ed lo pienso y creo, Cambranis va en primer lugar, aunque en el caso de Nora Jessica tiene m\u00e1s saz\u00f3n su designaci\u00f3n: nunca ha negado la cruz de su Parroquia; previo a la elecci\u00f3n de dirigente azul, nunca ocult\u00f3 su amistad con el Chapito; durante la elecci\u00f3n, fue la primera en apoyarlo; su actuaci\u00f3n como legisladora fue objeto de se\u00f1alamientos muy crudos surgidos desde el interior de la bancada azul; fue la \u00fanica diputada que se mantuvo al lado de Omar Miranda cuando un buen n\u00famero de legisladores azules le dio la espalda; igual han entrado a cuestionar su vida personal con versiones tambi\u00e9n surgidas al interior de la bancada\u2026 y all\u00ed estuvo, aguantando callada.<\/p>\n\n\n\n<p>Con respecto a Bingen Rementer\u00eda, hay que recalcar un caso interesante en el Puerto. El PAN tuvo dos candidatos para la presidencia municipal igual de buenos, que cualquiera de ellos es rival a vencer en la contienda municipal que se avecina. El ser ubicado en una Plurinominal, es una se\u00f1al inequ\u00edvoca de que Bingen apuesta a ser institucional y da un paso a la derecha, sin aspavientos, sin alharacas.<\/p>\n\n\n\n<p>Aqu\u00ed bien valdr\u00eda la pena comentar dos nombres m\u00e1s en esa lista: Sergio Hern\u00e1ndez (7) y Omar Miranda Romero (11).<\/p>\n\n\n\n<p>\u00bfPor qu\u00e9 llevar en el 7 a He-Man cuando fue electo por la militancia panista xalape\u00f1a como candidato a competir la presidencia municipal y adem\u00e1s, inici\u00f3 como coordinador de la bancada en la LXV Legislatura? \u00bfY por qu\u00e9 ubicar en el 11 al Cari\u00f1o, el otro aspirante a la candidatura que adem\u00e1s es el actual coordinador de la bancada azul en la LXV Legislatura?<\/p>\n\n\n\n<p>No me lo crea, pero en una de \u00e9sas, el Chapito apost\u00f3 a la institucionalidad de Omar Miranda, \u00bfy por qu\u00e9 no pensar que El Cari\u00f1o estaba en el n\u00famero 7 y lo sacrificaron para darle un mejor lugar a Sergio Hern\u00e1ndez?<\/p>\n\n\n\n<p>En fin\u2026 la lista del PAN ya fue pasada por las armas\u2026 hay que esperar a que el resto de los partidos saquen las suyas para seguir escuchando el llanto de los inconformes de siempre a los que nada los tiene contentos&#8230;<\/p>\n\n\n\n<p><a href=\"mailto:smcainito@gmail.com\" target=\"_blank\" rel=\"noreferrer noopener\">smcainito@gmail.com<\/a><\/p>\n","protected":false},"excerpt":{"rendered":"<p>Los Pol\u00edticos Salvador Mu\u00f1oz A la fecha, no recuerdo lista de pluris que sea celebrada, ya sea al interior del partido que la exponga, o al exterior por parte del respetable. Al interior como al exterior, se esgrimen por lo regular exclamaciones con respecto a los nombres que aparecen en esa famosa lista: \u201c\u00a1Otra vez [&hellip;]<\/p>\n","protected":false},"author":1,"featured_media":70,"comment_status":"open","ping_status":"open","sticky":false,"template":"","format":"standard","meta":{"_jetpack_memberships_contains_paid_content":false,"footnotes":""},"categories":[11],"tags":[],"class_list":["post-12850","post","type-post","status-publish","format-standard","has-post-thumbnail","hentry","category-opinion"],"jetpack_featured_media_url":"https:\/\/encuentroinformativo.com.mx\/wp-content\/uploads\/2020\/02\/opinion-invitado.jpg","jetpack_sharing_enabled":true,"jetpack_likes_enabled":true,"amp_enabled":true,"_links":{"self":[{"href":"https:\/\/encuentroinformativo.com.mx\/index.php?rest_route=\/wp\/v2\/posts\/12850","targetHints":{"allow":["GET"]}}],"collection":[{"href":"https:\/\/encuentroinformativo.com.mx\/index.php?rest_route=\/wp\/v2\/posts"}],"about":[{"href":"https:\/\/encuentroinformativo.com.mx\/index.php?rest_route=\/wp\/v2\/types\/post"}],"author":[{"embeddable":true,"href":"https:\/\/encuentroinformativo.com.mx\/index.php?rest_route=\/wp\/v2\/users\/1"}],"replies":[{"embeddable":true,"href":"https:\/\/encuentroinformativo.com.mx\/index.php?rest_route=%2Fwp%2Fv2%2Fcomments&post=12850"}],"version-history":[{"count":1,"href":"https:\/\/encuentroinformativo.com.mx\/index.php?rest_route=\/wp\/v2\/posts\/12850\/revisions"}],"predecessor-version":[{"id":12851,"href":"https:\/\/encuentroinformativo.com.mx\/index.php?rest_route=\/wp\/v2\/posts\/12850\/revisions\/12851"}],"wp:featuredmedia":[{"embeddable":true,"href":"https:\/\/encuentroinformativo.com.mx\/index.php?rest_route=\/wp\/v2\/media\/70"}],"wp:attachment":[{"href":"https:\/\/encuentroinformativo.com.mx\/index.php?rest_route=%2Fwp%2Fv2%2Fmedia&parent=12850"}],"wp:term":[{"taxonomy":"category","embeddable":true,"href":"https:\/\/encuentroinformativo.com.mx\/index.php?rest_route=%2Fwp%2Fv2%2Fcategories&post=12850"},{"taxonomy":"post_tag","embeddable":true,"href":"https:\/\/encuentroinformativo.com.mx\/index.php?rest_route=%2Fwp%2Fv2%2Ftags&post=12850"}],"curies":[{"name":"wp","href":"https:\/\/api.w.org\/{rel}","templated":true}]}}