{"id":12852,"date":"2021-04-12T09:27:06","date_gmt":"2021-04-12T14:27:06","guid":{"rendered":"https:\/\/encuentroinformativo.com.mx\/?p=12852"},"modified":"2021-04-12T09:27:11","modified_gmt":"2021-04-12T14:27:11","slug":"maryjose-al-relevo-si-cae-miguel-chiquito","status":"publish","type":"post","link":"https:\/\/encuentroinformativo.com.mx\/?p=12852","title":{"rendered":"\u00bfMARYJOSE AL RELEVO SI CAE \u201cMIGUEL CHIQUITO\u201d?"},"content":{"rendered":"\n<p><strong>@pablojair<\/strong><\/p>\n\n\n\n<ul class=\"wp-block-list\"><li>El logo del nuevo aeropuerto internacional costo 3 pesos.<\/li><li>Renuncia al PAN personaje cercano a los Yunes.<\/li><li>Alcaldesa de Xico s\u00ed tendr\u00eda responsabilidad en muerte tr\u00e1gica.<\/li><\/ul>\n\n\n\n<p>La Ley y el Orden UVE ya no saca fiscales guapotas, chingao<br>\u2014Chopenjawer<\/p>\n\n\n\n<p>Este s\u00e1bado se comenta que hubo un c\u00f3nclave en la mansi\u00f3n de &#8220;Miguel Chiquito&#8221;, all\u00e1 por El Rinc\u00f3n del Conchal, su verdadera casa, no el minidepartamento en el que dice vivir.<\/p>\n\n\n\n<p>Seg\u00fan versiones de algunos presentes, se mostr\u00f3 muy preocupado porque s\u00ed est\u00e1 contemplando que lo puedan quitar legalmente de la candidatura a la Presidencia Municipal de Veracruz y tendr\u00eda que pensar en qui\u00e9n podr\u00eda relevarlo.<\/p>\n\n\n\n<p>Entre los cercanos a Miguel se comenta que ya hablaron con el dirigente nacional del PAN, Marko Cort\u00e9s, y le dijeron que si lo tumban (y toda vez que Pepe Medina, su suplente, de plano no levanta en la \u00faltima encuesta que hicieron en recientes d\u00edas) entonces se considere a la diputada local con licencia Maryjose Gamboa \u2014hoy candidata a la diputaci\u00f3n federal\u2014 como una tercera opci\u00f3n a alcald\u00eda.<\/p>\n\n\n\n<p>En pol\u00edtica se le conoce como \u201ccambiar de caballo a medio r\u00edo\u201d.<\/p>\n\n\n\n<p>El asunto, seg\u00fan trasciende, tiene un inconveniente: s\u00f3lo se inscribieron Miguel y Bingen Rementer\u00eda como precandidatos a la alcald\u00eda jarocha; por lo anterior, le habr\u00edan pedido a Marko Cort\u00e9s que de plano se pase por el arco del triunfo los estatutos y jale a Maryjose como la nueva candidata por mera designaci\u00f3n.<\/p>\n\n\n\n<p>Quedar\u00eda entonces, de darse el caso, Carolina Ibarra como sustituta de la candidata, mientras que la muy cercana a los Yunes buscar\u00eda la alcald\u00eda.<\/p>\n\n\n\n<p>En este sentido, dicen, hay otro problema: \u201cMiguel Chiquito\u201d rebasa a Ricardo Exsome (el probable candidato a la alcald\u00eda por Morena) por s\u00f3lo un punto, pero Pepe Medina est\u00e1 12 puntos abajo de Exsome; otras que tambi\u00e9n salen perdiendo en encuesta son la senadora Indira Rosales con 10, y la misma Maryjose, aunque s\u00f3lo a cinco puntos de diferencia.<\/p>\n\n\n\n<p>Otra situaci\u00f3n contemplada por los yunistas es que nadie de los panistas identificados con el grupo del senador Julen Rementer\u00eda apoyar\u00e1 a Maryjose.<\/p>\n\n\n\n<p>Tambi\u00e9n comentan entre panistas que Marko Cort\u00e9s ya estar\u00eda apoyando a los Yunes, influenciado por el aspirante presidencial Ricardo Anaya, quien recibi\u00f3 10 millones de &#8220;apoyos&#8221; y le habr\u00edan prometido m\u00e1s para que pueda reelegirse Marko y volver a hacer candidato Anaya del PAN en el 2024.<\/p>\n\n\n\n<p>Adem\u00e1s, andan impulsando al actual alcalde de Veracruz, Fernandito, para sacar de la dirigencia del Comit\u00e9 Estatal del PAN a Joaqu\u00edn Guzm\u00e1n Avil\u00e9s.<\/p>\n\n\n\n<p>La otra es que quede Bingen como candidato, pero este ser\u00eda un escenario remoto que devasta los planes de los Yunes para seguir buscando la lucha desesperada por el poder.<\/p>\n\n\n\n<p><strong>NOTA PARA PEGAR EN EL REFRI:<\/strong> Vaya pol\u00e9mica la que se arm\u00f3 con el asunto del presunto logo que identificar\u00e1 al aeropuerto internacional \u201cFelipe \u00c1ngeles\u201d. Este s\u00e1bado se filtr\u00f3 y se prest\u00f3 al despapaye porque en estos d\u00edas tambi\u00e9n hay una protesta virtual simb\u00f3lica de la comunidad de dise\u00f1adores e ilustradores, por aquello de que la Secretar\u00eda de Educaci\u00f3n P\u00fablica no quiere pagar por dise\u00f1os de las portadas de los libros de texto gratuito, pues s\u00f3lo quieran dar reconocimientos, un apret\u00f3n de manos y las gracias, as\u00ed como si nada\u2026 Hay qu\u00e9 decirlo: ninguna autoridad ha reconocido que lo filtrado sea una imagen oficial para vestir a lo que ser\u00e1 el nuevo aeropuerto internacional de la Ciudad de M\u00e9xico, pero este domingo sali\u00f3 Pablo Amilcar Sandoval, candidato a diputado federal por Morena, a decir que dicha imagen s\u00f3lo costo tres mil pesos en su registro ante el Instituto Mexicano de la Propiedad Industrial (IMPI) y compar\u00f3 que en Espa\u00f1a se gastaron 139 mil euros (alrededor tres millones de pesos) por actualizar el logotipo del servicio postal\u2026 Por cierto, el aeropuerto internacional ubicado en Santa Luc\u00eda, Estado de M\u00e9xico, fue nombrado en Google Maps como \u201cAeropuerto Internacional Felipe Calder\u00f3n Hinojosa\u201d.<\/p>\n\n\n\n<p><strong>OTRA NOTA: <\/strong>&#8220;Quiero manifestar que he decido renunciar al partido del cual desde hace m\u00e1s de 10 a\u00f1os he pertenecido; mis motivos son porque dentro del interior del PAN se han dado muchos temas que no estoy de acuerdo y creo que al igual que yo, muchos panistas no estar\u00e1n de acuerdo. El partido est\u00e1 secuestrado por una familia, no hay ninguna esperanza para los dem\u00e1s panistas; siento que ya no es el mismo PAN por el cual alg\u00fan d\u00eda yo milit\u00e9. Entonces he tomado la decisi\u00f3n de renunciar, el partido est\u00e1 secuestrado, lo vuelvo a repetir. Miguel \u00c1ngel Yunes M\u00e1rquez, un presunto delincuente electoral pues sigue apoder\u00e1ndose cada vez m\u00e1s del partido, con complicidad del dirigente nacional Marko Cort\u00e9s\u2026 No entiendo porqu\u00e9 esa ambici\u00f3n de poder, esa ambici\u00f3n de dinero para ellos y sus amigos&#8221;, expres\u00f3 Jose Manuel Cardenas Pav\u00f3n, mejor conocido como \u201cPepe C\u00e1rdenas\u201d, ex asistente personal de Miguel \u00c1ngel Yunes M\u00e1rquez por m\u00e1s de 10 a\u00f1os y exdirector de Gobernaci\u00f3n en el Ayuntamiento de Boca del R\u00edo en el periodo 2014-2017, quien renunci\u00f3 al PAN este domingo\u2026 &#8220;La verdad es algo terror\u00edfico lo que nos est\u00e1 pasando y los veracruzanos no podemos tener esta clase de gobierno; por eso hago esta manifestaci\u00f3n de que no llegue esta persona porque \u00bfqu\u00e9 har\u00eda? pasar\u00eda por encima de los mismos veracruzanos si est\u00e1 violentando la ley. La est\u00e1 violentando con su registro porque no puede ser candidato, no puede ser alcalde de Veracruz\u201d.<\/p>\n\n\n\n<p><strong>LA \u00daLTIMA PORQUE A VER D\u00d3NDE DUERMO CON ESTE PUKTA CALOR: <\/strong>Que la alcaldesa de Xico, Gloria Galv\u00e1n, trata de desmarcarse de la tragedia ocurrida en la cascada de Texolo, donde una mujer perdi\u00f3 la vida al caer de un puente, al momento que caminaba sobre dicha estructura\u2026 La edil le echa la bolita a la Comisi\u00f3n Federal de Electricidad (CFE), por ser instalaciones de su propiedad. Lo que no dice es que siendo instalaciones industriales, en teor\u00eda, de alto riesgo, no deber\u00eda estar permitido el acceso a la gente, adem\u00e1s de que s\u00ed tiene una responsabilidad como autoridad municipal en materia de Protecci\u00f3n Civil como primer respondiente; que se supone deber\u00eda tener un atlas de riesgos para tener identificados puntos donde pudiera haber situaciones de peligro. Ya de entrada, con esto, deber\u00eda estar normado o cercado el acceso a esta zona industrial, pero qu\u00e9 se puede esperar de alguien quien abiertamente hizo eventos p\u00fablicos masivos en su municipio en diciembre, en plena pandemia, cuando se dispararon los casos de Covid.<\/p>\n","protected":false},"excerpt":{"rendered":"<p>@pablojair El logo del nuevo aeropuerto internacional costo 3 pesos. Renuncia al PAN personaje cercano a los Yunes. Alcaldesa de Xico s\u00ed tendr\u00eda responsabilidad en muerte tr\u00e1gica. La Ley y el Orden UVE ya no saca fiscales guapotas, chingao\u2014Chopenjawer Este s\u00e1bado se comenta que hubo un c\u00f3nclave en la mansi\u00f3n de &#8220;Miguel Chiquito&#8221;, all\u00e1 por [&hellip;]<\/p>\n","protected":false},"author":1,"featured_media":488,"comment_status":"open","ping_status":"open","sticky":false,"template":"","format":"standard","meta":{"_jetpack_memberships_contains_paid_content":false,"footnotes":""},"categories":[11],"tags":[],"class_list":["post-12852","post","type-post","status-publish","format-standard","has-post-thumbnail","hentry","category-opinion"],"jetpack_featured_media_url":"https:\/\/encuentroinformativo.com.mx\/wp-content\/uploads\/2020\/03\/F471F608-BA1A-416B-BA7B-BCFB24F4E6D0.jpeg","jetpack_sharing_enabled":true,"jetpack_likes_enabled":true,"amp_enabled":true,"_links":{"self":[{"href":"https:\/\/encuentroinformativo.com.mx\/index.php?rest_route=\/wp\/v2\/posts\/12852","targetHints":{"allow":["GET"]}}],"collection":[{"href":"https:\/\/encuentroinformativo.com.mx\/index.php?rest_route=\/wp\/v2\/posts"}],"about":[{"href":"https:\/\/encuentroinformativo.com.mx\/index.php?rest_route=\/wp\/v2\/types\/post"}],"author":[{"embeddable":true,"href":"https:\/\/encuentroinformativo.com.mx\/index.php?rest_route=\/wp\/v2\/users\/1"}],"replies":[{"embeddable":true,"href":"https:\/\/encuentroinformativo.com.mx\/index.php?rest_route=%2Fwp%2Fv2%2Fcomments&post=12852"}],"version-history":[{"count":1,"href":"https:\/\/encuentroinformativo.com.mx\/index.php?rest_route=\/wp\/v2\/posts\/12852\/revisions"}],"predecessor-version":[{"id":12853,"href":"https:\/\/encuentroinformativo.com.mx\/index.php?rest_route=\/wp\/v2\/posts\/12852\/revisions\/12853"}],"wp:featuredmedia":[{"embeddable":true,"href":"https:\/\/encuentroinformativo.com.mx\/index.php?rest_route=\/wp\/v2\/media\/488"}],"wp:attachment":[{"href":"https:\/\/encuentroinformativo.com.mx\/index.php?rest_route=%2Fwp%2Fv2%2Fmedia&parent=12852"}],"wp:term":[{"taxonomy":"category","embeddable":true,"href":"https:\/\/encuentroinformativo.com.mx\/index.php?rest_route=%2Fwp%2Fv2%2Fcategories&post=12852"},{"taxonomy":"post_tag","embeddable":true,"href":"https:\/\/encuentroinformativo.com.mx\/index.php?rest_route=%2Fwp%2Fv2%2Ftags&post=12852"}],"curies":[{"name":"wp","href":"https:\/\/api.w.org\/{rel}","templated":true}]}}