{"id":12854,"date":"2021-04-12T09:54:43","date_gmt":"2021-04-12T14:54:43","guid":{"rendered":"https:\/\/encuentroinformativo.com.mx\/?p=12854"},"modified":"2021-04-12T09:54:47","modified_gmt":"2021-04-12T14:54:47","slug":"reafirma-pes-postura-como-partido-pro-vida","status":"publish","type":"post","link":"https:\/\/encuentroinformativo.com.mx\/?p=12854","title":{"rendered":"Reafirma PES postura como partido Pro-Vida"},"content":{"rendered":"\n<ul class=\"wp-block-list\"><li>\u00abConstitucionalizar la vida\u00bb concepto del que habl\u00f3 el l\u00edder nacional del Partido Encuentro Solidario<\/li><li>Participan en un zoom los 20 candidatos del PES de Veracruz al Congreso de la Uni\u00f3n<\/li><li>\u00bfCu\u00e1nto vale una vida? \u00bfCu\u00e1nto vale la vida? \u00bfCu\u00e1nto vale la vida de tu hijo? Plante\u00f3 el actor Eduardo Verastegui<\/li><\/ul>\n\n\n\n<p>Xalapa, Ver.- \u00abVamos a constitucionalizar la vida\u00bb, sostuvo el presidente nacional del PES Hugo Eric Flores Cervantes, durante un zoom transmitido por las redes sociales de dicho partido, en el que participaron la mayor\u00eda de sus 300 candidatos a diputados federales, incluyendo los 20 del estado de Veracruz, as\u00ed como el dirigente estatal Gonzalo Gu\u00edzar Valladares.<\/p>\n\n\n\n<p>Dejando atr\u00e1s la pol\u00e9mica desatada en medios y redes sociales en relaci\u00f3n a la postura del Partido Encuentro Solidario en torno a la despenalizaci\u00f3n del aborto, se dijo que \u00abla vida es un derecho inalienable e imprescriptible, consagrado en todos los sistemas legales, quien atenta contra la vida, es un retrograda y en estos tiempos en que todo es desechable debemos preguntarnos: \u00bftambi\u00e9n la vida es desechable?\u00bb, plante\u00f3 Flores Cervantes.<\/p>\n\n\n\n<p>Al hablar a nombre de los candidatos del PES, Lorenia Monta\u00f1o hizo un pronunciamiento claro: \u00abDefender la vida es uno de los compromisos de este partido. A nombre de las y los 300 candidatos a diputados federales, asumimos nuestra misi\u00f3n a esta causa, ya que buscamos que la vida se defienda en todas sus etapas\u00bb.<\/p>\n\n\n\n<p>Eduardo Verastegui fue el conferencista central de la actividad en redes sociales, dejando en claro que el PES trae consigo la lucha #PorLaVidaYLaFamilia , ya que el actor, productor y activista pro-vida \u00abtodos los d\u00edas de mi vida, desde la trinchera que me toque, desde ah\u00ed, sea como productor, actor, activista, esta va ser mi prioridad, ser provida, defender el derecho a nacer\u00bb.<\/p>\n\n\n\n<p>El actor cuestion\u00f3 \u00bfCu\u00e1nto vale una vida? \u00bfCu\u00e1nto vale la vida? \u00bfCu\u00e1nto vale la vida de tu hijo? Y concluy\u00f3: No tiene precio.<\/p>\n","protected":false},"excerpt":{"rendered":"<p>\u00abConstitucionalizar la vida\u00bb concepto del que habl\u00f3 el l\u00edder nacional del Partido Encuentro Solidario Participan en un zoom los 20 candidatos del PES de Veracruz al Congreso de la Uni\u00f3n \u00bfCu\u00e1nto vale una vida? \u00bfCu\u00e1nto vale la vida? \u00bfCu\u00e1nto vale la vida de tu hijo? Plante\u00f3 el actor Eduardo Verastegui Xalapa, Ver.- \u00abVamos a constitucionalizar [&hellip;]<\/p>\n","protected":false},"author":1,"featured_media":12855,"comment_status":"open","ping_status":"open","sticky":false,"template":"","format":"standard","meta":{"_jetpack_memberships_contains_paid_content":false,"footnotes":""},"categories":[2],"tags":[],"class_list":["post-12854","post","type-post","status-publish","format-standard","has-post-thumbnail","hentry","category-estado"],"jetpack_featured_media_url":"https:\/\/encuentroinformativo.com.mx\/wp-content\/uploads\/2021\/04\/9006CAFE-6921-44C7-83CA-AC88E5A79491.jpeg","jetpack_sharing_enabled":true,"jetpack_likes_enabled":true,"amp_enabled":true,"_links":{"self":[{"href":"https:\/\/encuentroinformativo.com.mx\/index.php?rest_route=\/wp\/v2\/posts\/12854","targetHints":{"allow":["GET"]}}],"collection":[{"href":"https:\/\/encuentroinformativo.com.mx\/index.php?rest_route=\/wp\/v2\/posts"}],"about":[{"href":"https:\/\/encuentroinformativo.com.mx\/index.php?rest_route=\/wp\/v2\/types\/post"}],"author":[{"embeddable":true,"href":"https:\/\/encuentroinformativo.com.mx\/index.php?rest_route=\/wp\/v2\/users\/1"}],"replies":[{"embeddable":true,"href":"https:\/\/encuentroinformativo.com.mx\/index.php?rest_route=%2Fwp%2Fv2%2Fcomments&post=12854"}],"version-history":[{"count":1,"href":"https:\/\/encuentroinformativo.com.mx\/index.php?rest_route=\/wp\/v2\/posts\/12854\/revisions"}],"predecessor-version":[{"id":12856,"href":"https:\/\/encuentroinformativo.com.mx\/index.php?rest_route=\/wp\/v2\/posts\/12854\/revisions\/12856"}],"wp:featuredmedia":[{"embeddable":true,"href":"https:\/\/encuentroinformativo.com.mx\/index.php?rest_route=\/wp\/v2\/media\/12855"}],"wp:attachment":[{"href":"https:\/\/encuentroinformativo.com.mx\/index.php?rest_route=%2Fwp%2Fv2%2Fmedia&parent=12854"}],"wp:term":[{"taxonomy":"category","embeddable":true,"href":"https:\/\/encuentroinformativo.com.mx\/index.php?rest_route=%2Fwp%2Fv2%2Fcategories&post=12854"},{"taxonomy":"post_tag","embeddable":true,"href":"https:\/\/encuentroinformativo.com.mx\/index.php?rest_route=%2Fwp%2Fv2%2Ftags&post=12854"}],"curies":[{"name":"wp","href":"https:\/\/api.w.org\/{rel}","templated":true}]}}