{"id":12860,"date":"2021-04-12T11:07:10","date_gmt":"2021-04-12T16:07:10","guid":{"rendered":"https:\/\/encuentroinformativo.com.mx\/?p=12860"},"modified":"2021-04-12T11:07:14","modified_gmt":"2021-04-12T16:07:14","slug":"demandan-normalistas-agilizar-asignacion-de-plazas","status":"publish","type":"post","link":"https:\/\/encuentroinformativo.com.mx\/?p=12860","title":{"rendered":"Demandan normalistas agilizar asignaci\u00f3n de plazas"},"content":{"rendered":"\n<p><strong>Juan Arcos<\/strong><\/p>\n\n\n\n<p>Xalapa, Ver.- Un grupo de normalistas egresados de distintas universidades tom\u00f3 las oficinas centrales de la Secretar\u00eda de Educaci\u00f3n de Veracruz (SEV) para exigir que se agilice el proceso de asignaci\u00f3n de plazas docentes.<\/p>\n\n\n\n<p>Los quejosos realizaron sus estudios profesionales en la Benem\u00e9rita Escuela Normal Veracruzana (BENV) \u201cEnrique C. Rebsamen\u201d, Escuela Normal Superior Veracruzana \u201cManuel Su\u00e1rez Trujillo\u201d, la Universidad Pedag\u00f3gica Nacional (UPN) y en otras instancias acad\u00e9micas.<\/p>\n\n\n\n<p>Los egresados, provenientes de distintos municipios, como Tuxpan, Acayucan y Xalapa, reclamaron una audiencia con autoridades para que sean escuchadas y atendidas sus demandas.\u00a0<\/p>\n\n\n\n<p>Isa\u00edas, licenciado en Educaci\u00f3n Secundaria, quien omiti\u00f3 su nombre completo, indic\u00f3 que desde hace varios meses han protestado y solicitado de manera formal a las autoridades educativas que atiendan sus demandas; sin embargo, hasta el momento no les dan una respuesta favorable.<\/p>\n\n\n\n<p>\u201cLlevamos meses insistiendo y solamente nos dicen lo mismo, no nos hacen mucho caso. En este sentido, es el motivo de la manifestaci\u00f3n\u201d.<\/p>\n\n\n\n<p>El entrevistado indic\u00f3 que el proceso para el otorgamiento de plazas se ha retrasado por la pandemia del SARS-COV-2 (COVID-19).<\/p>\n\n\n\n<p>\u201cSomos de la lista uno, tenemos el derecho, nos hemos ganado un buen lugar, pero siempre nos dicen lo mismo: que no hay plazas\u201d.<\/p>\n\n\n\n<p>Los inconformes liberaron las instalaciones de la SEV ante la promesa de ser atendidos por parte de los encargados de Recursos Humanos.<\/p>\n\n\n\n<p>Sin embargo, en caso de no recibir una respuesta favorable, amagaron con bloquear la carretera federal Xalapa-Veracruz, a la altura de las oficinas centrales de la SEV, o trasladarse al centro de la ciudad para cerrar la calle Juan de la Luz Enr\u00edquez.<\/p>\n","protected":false},"excerpt":{"rendered":"<p>Juan Arcos Xalapa, Ver.- Un grupo de normalistas egresados de distintas universidades tom\u00f3 las oficinas centrales de la Secretar\u00eda de Educaci\u00f3n de Veracruz (SEV) para exigir que se agilice el proceso de asignaci\u00f3n de plazas docentes. Los quejosos realizaron sus estudios profesionales en la Benem\u00e9rita Escuela Normal Veracruzana (BENV) \u201cEnrique C. Rebsamen\u201d, Escuela Normal Superior [&hellip;]<\/p>\n","protected":false},"author":1,"featured_media":12861,"comment_status":"open","ping_status":"open","sticky":false,"template":"","format":"standard","meta":{"_jetpack_memberships_contains_paid_content":false,"footnotes":""},"categories":[3],"tags":[],"class_list":["post-12860","post","type-post","status-publish","format-standard","has-post-thumbnail","hentry","category-xalapa"],"jetpack_featured_media_url":"https:\/\/encuentroinformativo.com.mx\/wp-content\/uploads\/2021\/04\/4797B383-B710-4A9E-881F-99F41D54F17A.jpeg","jetpack_sharing_enabled":true,"jetpack_likes_enabled":true,"amp_enabled":true,"_links":{"self":[{"href":"https:\/\/encuentroinformativo.com.mx\/index.php?rest_route=\/wp\/v2\/posts\/12860","targetHints":{"allow":["GET"]}}],"collection":[{"href":"https:\/\/encuentroinformativo.com.mx\/index.php?rest_route=\/wp\/v2\/posts"}],"about":[{"href":"https:\/\/encuentroinformativo.com.mx\/index.php?rest_route=\/wp\/v2\/types\/post"}],"author":[{"embeddable":true,"href":"https:\/\/encuentroinformativo.com.mx\/index.php?rest_route=\/wp\/v2\/users\/1"}],"replies":[{"embeddable":true,"href":"https:\/\/encuentroinformativo.com.mx\/index.php?rest_route=%2Fwp%2Fv2%2Fcomments&post=12860"}],"version-history":[{"count":1,"href":"https:\/\/encuentroinformativo.com.mx\/index.php?rest_route=\/wp\/v2\/posts\/12860\/revisions"}],"predecessor-version":[{"id":12862,"href":"https:\/\/encuentroinformativo.com.mx\/index.php?rest_route=\/wp\/v2\/posts\/12860\/revisions\/12862"}],"wp:featuredmedia":[{"embeddable":true,"href":"https:\/\/encuentroinformativo.com.mx\/index.php?rest_route=\/wp\/v2\/media\/12861"}],"wp:attachment":[{"href":"https:\/\/encuentroinformativo.com.mx\/index.php?rest_route=%2Fwp%2Fv2%2Fmedia&parent=12860"}],"wp:term":[{"taxonomy":"category","embeddable":true,"href":"https:\/\/encuentroinformativo.com.mx\/index.php?rest_route=%2Fwp%2Fv2%2Fcategories&post=12860"},{"taxonomy":"post_tag","embeddable":true,"href":"https:\/\/encuentroinformativo.com.mx\/index.php?rest_route=%2Fwp%2Fv2%2Ftags&post=12860"}],"curies":[{"name":"wp","href":"https:\/\/api.w.org\/{rel}","templated":true}]}}