{"id":12866,"date":"2021-04-12T12:43:52","date_gmt":"2021-04-12T17:43:52","guid":{"rendered":"https:\/\/encuentroinformativo.com.mx\/?p=12866"},"modified":"2021-04-12T12:43:55","modified_gmt":"2021-04-12T17:43:55","slug":"fallida-estrategia-de-vacunacion-senala-anilu","status":"publish","type":"post","link":"https:\/\/encuentroinformativo.com.mx\/?p=12866","title":{"rendered":"Fallida estrategia de vacunaci\u00f3n, se\u00f1ala Anil\u00fa"},"content":{"rendered":"\n<p><strong>Alejandro \u00c1vila<\/strong><\/p>\n\n\n\n<p>Veracruz, Ver.- La coordinadora estatal del programa priista <em>Recupera<\/em>, Anil\u00fa Ingram Vallines, lament\u00f3 que la estrateg\u00eda que utiliza Gobierno Federal est\u00e9 afectando a la poblaci\u00f3n mexicana, pues en gran parte del territorio nacional a\u00fan no se vacuna a adultos mayores con la primer dosis.<\/p>\n\n\n\n<p>La veracruzana record\u00f3 que el a\u00f1o pasado cuando legislaba desde San L\u00e1zaro, se hizo la solicitud de etiquetar un recurso unicamente para vacunas, acci\u00f3n que bloqueo la bancada morenista.<\/p>\n\n\n\n<p>&#8220;En el esquema en el que est\u00e1n, nada m\u00e1s para que se den una idea, vamos a concluir con la poblaci\u00f3n, a lo largo y ancho del territorio nacional vacunados, hasta dentro de 14 a\u00f1os. Es una locura jugar con la salud de los mexicanos&#8221;, declar\u00f3 Ingram Vallines.<\/p>\n\n\n\n<p>Acus\u00f3 que esta falta de presupuesto, que se ve reflejada en el insuficiente recurso para la compra de medicamentos oncol\u00f3gicos y que tiene a mujeres y ni\u00f1os con sus tratamientos entruncados, es debido a la falta de capacidad que tienen los ahora funcionarios p\u00fablicos federales.<\/p>\n\n\n\n<p>&#8220;Si de por si ya es dificil asumir y enfrentar un c\u00e1ncer, ahora que no haya las herramientas necesarias en los Centros de Salud y en los hospitales, es realmente indignante, es aberrante, pero es lo que hoy pasa, es lo que sucede&#8221;, acus\u00f3.<\/p>\n","protected":false},"excerpt":{"rendered":"<p>Alejandro \u00c1vila Veracruz, Ver.- La coordinadora estatal del programa priista Recupera, Anil\u00fa Ingram Vallines, lament\u00f3 que la estrateg\u00eda que utiliza Gobierno Federal est\u00e9 afectando a la poblaci\u00f3n mexicana, pues en gran parte del territorio nacional a\u00fan no se vacuna a adultos mayores con la primer dosis. La veracruzana record\u00f3 que el a\u00f1o pasado cuando legislaba [&hellip;]<\/p>\n","protected":false},"author":1,"featured_media":12867,"comment_status":"open","ping_status":"open","sticky":false,"template":"","format":"standard","meta":{"_jetpack_memberships_contains_paid_content":false,"footnotes":""},"categories":[2],"tags":[],"class_list":["post-12866","post","type-post","status-publish","format-standard","has-post-thumbnail","hentry","category-estado"],"jetpack_featured_media_url":"https:\/\/encuentroinformativo.com.mx\/wp-content\/uploads\/2021\/04\/3D0CF6A4-0A53-44F9-8ECD-8DBB4D78CF0B.jpeg","jetpack_sharing_enabled":true,"jetpack_likes_enabled":true,"amp_enabled":true,"_links":{"self":[{"href":"https:\/\/encuentroinformativo.com.mx\/index.php?rest_route=\/wp\/v2\/posts\/12866","targetHints":{"allow":["GET"]}}],"collection":[{"href":"https:\/\/encuentroinformativo.com.mx\/index.php?rest_route=\/wp\/v2\/posts"}],"about":[{"href":"https:\/\/encuentroinformativo.com.mx\/index.php?rest_route=\/wp\/v2\/types\/post"}],"author":[{"embeddable":true,"href":"https:\/\/encuentroinformativo.com.mx\/index.php?rest_route=\/wp\/v2\/users\/1"}],"replies":[{"embeddable":true,"href":"https:\/\/encuentroinformativo.com.mx\/index.php?rest_route=%2Fwp%2Fv2%2Fcomments&post=12866"}],"version-history":[{"count":1,"href":"https:\/\/encuentroinformativo.com.mx\/index.php?rest_route=\/wp\/v2\/posts\/12866\/revisions"}],"predecessor-version":[{"id":12868,"href":"https:\/\/encuentroinformativo.com.mx\/index.php?rest_route=\/wp\/v2\/posts\/12866\/revisions\/12868"}],"wp:featuredmedia":[{"embeddable":true,"href":"https:\/\/encuentroinformativo.com.mx\/index.php?rest_route=\/wp\/v2\/media\/12867"}],"wp:attachment":[{"href":"https:\/\/encuentroinformativo.com.mx\/index.php?rest_route=%2Fwp%2Fv2%2Fmedia&parent=12866"}],"wp:term":[{"taxonomy":"category","embeddable":true,"href":"https:\/\/encuentroinformativo.com.mx\/index.php?rest_route=%2Fwp%2Fv2%2Fcategories&post=12866"},{"taxonomy":"post_tag","embeddable":true,"href":"https:\/\/encuentroinformativo.com.mx\/index.php?rest_route=%2Fwp%2Fv2%2Ftags&post=12866"}],"curies":[{"name":"wp","href":"https:\/\/api.w.org\/{rel}","templated":true}]}}