{"id":12872,"date":"2021-04-12T13:18:00","date_gmt":"2021-04-12T18:18:00","guid":{"rendered":"https:\/\/encuentroinformativo.com.mx\/?p=12872"},"modified":"2021-04-12T13:19:04","modified_gmt":"2021-04-12T18:19:04","slug":"guardavidas-independientes-se-instalan-en-anton-lizardo","status":"publish","type":"post","link":"https:\/\/encuentroinformativo.com.mx\/?p=12872","title":{"rendered":"Guardavidas independientes se instalan en Ant\u00f3n Lizardo"},"content":{"rendered":"\n<p><strong>*Guardavidas se independizan por amor a la vida.<\/strong><\/p>\n\n\n\n<p><strong>*Palaperos los alimentan y turistas les dan propinas.<\/strong><\/p>\n\n\n\n<p><strong>Alejandro \u00c1vila<\/strong><\/p>\n\n\n\n<p>Alvarado, Ver.- &#8220;No queremos m\u00e1s muertes en Ant\u00f3n Lizardo. Por amor a la vida estamos aqu\u00ed evitando ahogamientos&#8221;, fueron las palabras de Juan Ignacio Hern\u00e1ndez L\u00f3pez, l\u00edder de los Guardavidas Independientes de Ant\u00f3n Lizardo.<\/p>\n\n\n\n<p>En una improvisada carpa justo en las escolleras, Juan Ignacio narra que tras la muerte de los tres menores de edad, oriundos de Tlaxcala, en diciembre pasado, su conciencia no lo dejaba tranquilo, ten\u00eda que hacer algo por la gente que vacaciona en Ant\u00f3n Lizardo.<\/p>\n\n\n\n<p>En marzo de 2021, seis guardavidas renunciaron a su trabajo de cuidado de playas en el municipio de Veracruz, para dirigirse a la peque\u00f1a localidad perteneciente al municipio de Alvarado.<\/p>\n\n\n\n<p>Hablaron con los palaperos y acordaron que estos les dar\u00edan alimento e hidrataci\u00f3n durante los d\u00edas de trabajo, dialogaron tambi\u00e9n con el personal de Protecci\u00f3n Civil Municipal con quienes arreglaron trabajar de jueves a lunes, en horario de 11 de la ma\u00f1ana a 6 de la tarde, obteniendo su retribuci\u00f3n econ\u00f3mica, de las propinas de los turistas.<\/p>\n\n\n\n<p>Su traslado es largo, pues ellos viven en Veracruz y toman el cami\u00f3n Boca del R\u00edo para en poco m\u00e1s de una hora llegar a trabajar a Ant\u00f3n Lizardo con equipo propio; la falta de m\u00e1s aditamentos no es pretexto para laborar con pasi\u00f3n en el mar y evitar m\u00e1s muertes por ahogamiento.<\/p>\n\n\n\n<p>Su rango de alcance, por ahora, es de la escollera de la Escuela Naval hasta la localidad de El Jiote, el cual se estima son 5 kilometros de playa.<\/p>\n\n\n\n<p>&#8220;Nos repartimos, trato dentro de la log\u00edstica pues repartirnos, nos viene correspondiendo como de a un kilometro por guardavidas, y si alguien nos pide un auxilio pues, por medio de un transporte de ellos o un bananero o alguien, acudimos a esa ubicaci\u00f3n&#8221;, se\u00f1al\u00f3 Juan Ignacio.<\/p>\n\n\n\n<p>Juan Ignacio tiene una larga trayectoria como vigilante de playas en Veracruz y Boca del R\u00edo, incluso, ha sido formador de varios elementos que hoy cuidan las aguas de las costas del Golfo de M\u00e9xico, y sue\u00f1a con lograr lo mismo en Alvarado, pues si algo le apasiona, es salvar vidas.<\/p>\n\n\n\n<p>&#8220;Hicimos una previa reuni\u00f3n con el l\u00edder de los palaperos, en su momento \u00e9l habl\u00f3 con los prestadores de servicios, y todos estamos trabajando en armonia. Todos sabemos que mientras las playas sean m\u00e1s seguras, la concurrencia, el turismo, vendr\u00e1 m\u00e1s entonces para ellos es mucho mejor, y nosotros nos encargamos, ya sea haya un ba\u00f1ista o haya cientos de ellos, mi trabajo es el mismo&#8221;, asest\u00f3.<\/p>\n\n\n\n<p>Los seis guardavidas crearon al p\u00e1gina de <em>Facebook<\/em>, Guardavidas Independientes de Ant\u00f3n Lizardo, donde, si alguna Asociaci\u00f3n Civil o empresario quisiera aportar equipo para mejorar la atenci\u00f3n y respuesta, pueda contactarlos.<\/p>\n","protected":false},"excerpt":{"rendered":"<p>*Guardavidas se independizan por amor a la vida. *Palaperos los alimentan y turistas les dan propinas. Alejandro \u00c1vila Alvarado, Ver.- &#8220;No queremos m\u00e1s muertes en Ant\u00f3n Lizardo. Por amor a la vida estamos aqu\u00ed evitando ahogamientos&#8221;, fueron las palabras de Juan Ignacio Hern\u00e1ndez L\u00f3pez, l\u00edder de los Guardavidas Independientes de Ant\u00f3n Lizardo. En una improvisada [&hellip;]<\/p>\n","protected":false},"author":1,"featured_media":12874,"comment_status":"open","ping_status":"open","sticky":false,"template":"","format":"standard","meta":{"_jetpack_memberships_contains_paid_content":false,"footnotes":""},"categories":[2],"tags":[],"class_list":["post-12872","post","type-post","status-publish","format-standard","has-post-thumbnail","hentry","category-estado"],"jetpack_featured_media_url":"https:\/\/encuentroinformativo.com.mx\/wp-content\/uploads\/2021\/04\/3C3ED6B1-C110-4E5D-BBAA-5198EE635740.jpeg","jetpack_sharing_enabled":true,"jetpack_likes_enabled":true,"amp_enabled":true,"_links":{"self":[{"href":"https:\/\/encuentroinformativo.com.mx\/index.php?rest_route=\/wp\/v2\/posts\/12872","targetHints":{"allow":["GET"]}}],"collection":[{"href":"https:\/\/encuentroinformativo.com.mx\/index.php?rest_route=\/wp\/v2\/posts"}],"about":[{"href":"https:\/\/encuentroinformativo.com.mx\/index.php?rest_route=\/wp\/v2\/types\/post"}],"author":[{"embeddable":true,"href":"https:\/\/encuentroinformativo.com.mx\/index.php?rest_route=\/wp\/v2\/users\/1"}],"replies":[{"embeddable":true,"href":"https:\/\/encuentroinformativo.com.mx\/index.php?rest_route=%2Fwp%2Fv2%2Fcomments&post=12872"}],"version-history":[{"count":1,"href":"https:\/\/encuentroinformativo.com.mx\/index.php?rest_route=\/wp\/v2\/posts\/12872\/revisions"}],"predecessor-version":[{"id":12873,"href":"https:\/\/encuentroinformativo.com.mx\/index.php?rest_route=\/wp\/v2\/posts\/12872\/revisions\/12873"}],"wp:featuredmedia":[{"embeddable":true,"href":"https:\/\/encuentroinformativo.com.mx\/index.php?rest_route=\/wp\/v2\/media\/12874"}],"wp:attachment":[{"href":"https:\/\/encuentroinformativo.com.mx\/index.php?rest_route=%2Fwp%2Fv2%2Fmedia&parent=12872"}],"wp:term":[{"taxonomy":"category","embeddable":true,"href":"https:\/\/encuentroinformativo.com.mx\/index.php?rest_route=%2Fwp%2Fv2%2Fcategories&post=12872"},{"taxonomy":"post_tag","embeddable":true,"href":"https:\/\/encuentroinformativo.com.mx\/index.php?rest_route=%2Fwp%2Fv2%2Ftags&post=12872"}],"curies":[{"name":"wp","href":"https:\/\/api.w.org\/{rel}","templated":true}]}}