{"id":12875,"date":"2021-04-12T13:32:06","date_gmt":"2021-04-12T18:32:06","guid":{"rendered":"https:\/\/encuentroinformativo.com.mx\/?p=12875"},"modified":"2021-04-12T13:32:10","modified_gmt":"2021-04-12T18:32:10","slug":"cafeticultores-reclaman-rescate-al-campo-veracruzano","status":"publish","type":"post","link":"https:\/\/encuentroinformativo.com.mx\/?p=12875","title":{"rendered":"Cafeticultores reclaman rescate al campo veracruzano"},"content":{"rendered":"\n<p><strong>Juan Arcos<\/strong> <\/p>\n\n\n\n<p>Xalapa, Ver.- Decenas de cafeticultores protestaron frente a Palacio de Gobierno para repudiar que haya recursos econ\u00f3micos para las campa\u00f1as electorales y no para el rescate del campo veracruzano.\u00a0<\/p>\n\n\n\n<p>Cirilo Elotl\u00e1n D\u00edaz, secretario del Consejo Regional del Caf\u00e9 de Coatepec, critic\u00f3 que los candidatos a un cargo de elecci\u00f3n popular s\u00f3lo busquen su beneficio y no el del pueblo.<\/p>\n\n\n\n<p>\u201cMe sorprende, me desconcierta, ahorita vemos las campa\u00f1as a todo vapor. Llega un candidato a mi rancho en una camioneta de 600 u 800 mil pesos, se juntan por ah\u00ed unos productores, el candidato dice: vengan, los productores se sienten animados, no, es que el candidato estaba viendo que algunos productores se fueron a recargar a la camioneta y no se la fueran a rayar\u201d.<\/p>\n\n\n\n<p>El l\u00edder cafetalero se\u00f1al\u00f3 que los productores viven al d\u00eda y carecen de apoyos para mantener en buen estado sus cultivos.\u00a0<\/p>\n\n\n\n<p>\u201cSin embargo, s\u00ed hay dinero para sus campa\u00f1as, \u00bfme equivoco compa\u00f1eros?\u201d, cuestion\u00f3 con micr\u00f3fono en mano sobre Plaza Sebasti\u00e1n Lerdo de Tejada.<\/p>\n\n\n\n<p>En una de las pancartas, se alcanzaba a leer: \u201cINE, la mafia m\u00e1s poderosa de M\u00e9xico. El capo Chencho C\u00f3rdoba, los jefes de jefes, para ellos millones de pesos, \u00bfy para el campo?\u201d.<br>Los cafetaleros tambi\u00e9n exigieron mejores condiciones en los precios ante las p\u00e9rdidas econ\u00f3micas de casi 30 por ciento que registraron en la cosecha 2020-2021.<\/p>\n\n\n\n<p>Tambi\u00e9n pidieron una revisi\u00f3n para limitar las exportaciones de caf\u00e9 robusta de otros pa\u00edses como Brasil y as\u00ed fortalecer la producci\u00f3n del caf\u00e9 ar\u00e1bica en la entidad veracruzana.<\/p>\n","protected":false},"excerpt":{"rendered":"<p>Juan Arcos Xalapa, Ver.- Decenas de cafeticultores protestaron frente a Palacio de Gobierno para repudiar que haya recursos econ\u00f3micos para las campa\u00f1as electorales y no para el rescate del campo veracruzano.\u00a0 Cirilo Elotl\u00e1n D\u00edaz, secretario del Consejo Regional del Caf\u00e9 de Coatepec, critic\u00f3 que los candidatos a un cargo de elecci\u00f3n popular s\u00f3lo busquen su [&hellip;]<\/p>\n","protected":false},"author":1,"featured_media":12876,"comment_status":"open","ping_status":"open","sticky":false,"template":"","format":"standard","meta":{"_jetpack_memberships_contains_paid_content":false,"footnotes":""},"categories":[3],"tags":[],"class_list":["post-12875","post","type-post","status-publish","format-standard","has-post-thumbnail","hentry","category-xalapa"],"jetpack_featured_media_url":"https:\/\/encuentroinformativo.com.mx\/wp-content\/uploads\/2021\/04\/3D3E3609-D927-4DDB-8CA4-3769A39CC978.jpeg","jetpack_sharing_enabled":true,"jetpack_likes_enabled":true,"amp_enabled":true,"_links":{"self":[{"href":"https:\/\/encuentroinformativo.com.mx\/index.php?rest_route=\/wp\/v2\/posts\/12875","targetHints":{"allow":["GET"]}}],"collection":[{"href":"https:\/\/encuentroinformativo.com.mx\/index.php?rest_route=\/wp\/v2\/posts"}],"about":[{"href":"https:\/\/encuentroinformativo.com.mx\/index.php?rest_route=\/wp\/v2\/types\/post"}],"author":[{"embeddable":true,"href":"https:\/\/encuentroinformativo.com.mx\/index.php?rest_route=\/wp\/v2\/users\/1"}],"replies":[{"embeddable":true,"href":"https:\/\/encuentroinformativo.com.mx\/index.php?rest_route=%2Fwp%2Fv2%2Fcomments&post=12875"}],"version-history":[{"count":1,"href":"https:\/\/encuentroinformativo.com.mx\/index.php?rest_route=\/wp\/v2\/posts\/12875\/revisions"}],"predecessor-version":[{"id":12877,"href":"https:\/\/encuentroinformativo.com.mx\/index.php?rest_route=\/wp\/v2\/posts\/12875\/revisions\/12877"}],"wp:featuredmedia":[{"embeddable":true,"href":"https:\/\/encuentroinformativo.com.mx\/index.php?rest_route=\/wp\/v2\/media\/12876"}],"wp:attachment":[{"href":"https:\/\/encuentroinformativo.com.mx\/index.php?rest_route=%2Fwp%2Fv2%2Fmedia&parent=12875"}],"wp:term":[{"taxonomy":"category","embeddable":true,"href":"https:\/\/encuentroinformativo.com.mx\/index.php?rest_route=%2Fwp%2Fv2%2Fcategories&post=12875"},{"taxonomy":"post_tag","embeddable":true,"href":"https:\/\/encuentroinformativo.com.mx\/index.php?rest_route=%2Fwp%2Fv2%2Ftags&post=12875"}],"curies":[{"name":"wp","href":"https:\/\/api.w.org\/{rel}","templated":true}]}}