{"id":12883,"date":"2021-04-12T14:32:20","date_gmt":"2021-04-12T19:32:20","guid":{"rendered":"https:\/\/encuentroinformativo.com.mx\/?p=12883"},"modified":"2021-04-12T14:32:24","modified_gmt":"2021-04-12T19:32:24","slug":"familias-de-santa-lucia-temen-desalojos","status":"publish","type":"post","link":"https:\/\/encuentroinformativo.com.mx\/?p=12883","title":{"rendered":"Familias de Santa Luc\u00eda temen desalojos"},"content":{"rendered":"\n<p><strong>Dar\u00edo Pale<\/strong><\/p>\n\n\n\n<p>Xalapa, Ver.- El se\u00f1or Francisco Mendoza Cruz, uno de los manifestantes que habita en\u00a0la colonia Santa Luc\u00eda, municipio de Emiliano Zapata, dio a conocer que viven bajo la incertidumbre un promedio de mil 600 familias quienes temen ser desalojadas de los predios.<\/p>\n\n\n\n<p>Entrevistado durante una manifestaci\u00f3n pac\u00edfica al costado de la carretera en Las Trancas se\u00f1alaron sus\u00a0inquietudes para que sean atendidos por las autoridades municipales y estatales.<\/p>\n\n\n\n<p>Dieron a conocer que est\u00e1n solicitando la regularizaci\u00f3n de los terrenos y por lo tanto solicitan hacer convenios con los representantes ejidales de esta zona al sur de la ciudad de Xalapa.<\/p>\n\n\n\n<p>&#8220;Pedimos la regularizaci\u00f3n, podemos pagar 6 mil \u00f3 7 mil pesos, no podemos pagar m\u00e1s. Le pagar\u00edamos a Gobierno, porque hay unos que andan sacando papeles falsos, que sea directamente registrado con Ayuntamiento&#8221;, se\u00f1alaron.<\/p>\n\n\n\n<p>Por \u00faltimo dieron a conocer que desde hace 15 a\u00f1os las familias arribaron a estos terrenos y no han logrado regularizar los predios, aunque reconocieron que s\u00ed cuentan con los servicios b\u00e1sicos como agua y energ\u00eda el\u00e9ctrica.<\/p>\n","protected":false},"excerpt":{"rendered":"<p>Dar\u00edo Pale Xalapa, Ver.- El se\u00f1or Francisco Mendoza Cruz, uno de los manifestantes que habita en\u00a0la colonia Santa Luc\u00eda, municipio de Emiliano Zapata, dio a conocer que viven bajo la incertidumbre un promedio de mil 600 familias quienes temen ser desalojadas de los predios. Entrevistado durante una manifestaci\u00f3n pac\u00edfica al costado de la carretera en [&hellip;]<\/p>\n","protected":false},"author":1,"featured_media":12884,"comment_status":"open","ping_status":"open","sticky":false,"template":"","format":"standard","meta":{"_jetpack_memberships_contains_paid_content":false,"footnotes":""},"categories":[8],"tags":[],"class_list":["post-12883","post","type-post","status-publish","format-standard","has-post-thumbnail","hentry","category-region"],"jetpack_featured_media_url":"https:\/\/encuentroinformativo.com.mx\/wp-content\/uploads\/2021\/04\/FE2EAE85-B60F-447C-B1FF-E789E8594D85.jpeg","jetpack_sharing_enabled":true,"jetpack_likes_enabled":true,"amp_enabled":true,"_links":{"self":[{"href":"https:\/\/encuentroinformativo.com.mx\/index.php?rest_route=\/wp\/v2\/posts\/12883","targetHints":{"allow":["GET"]}}],"collection":[{"href":"https:\/\/encuentroinformativo.com.mx\/index.php?rest_route=\/wp\/v2\/posts"}],"about":[{"href":"https:\/\/encuentroinformativo.com.mx\/index.php?rest_route=\/wp\/v2\/types\/post"}],"author":[{"embeddable":true,"href":"https:\/\/encuentroinformativo.com.mx\/index.php?rest_route=\/wp\/v2\/users\/1"}],"replies":[{"embeddable":true,"href":"https:\/\/encuentroinformativo.com.mx\/index.php?rest_route=%2Fwp%2Fv2%2Fcomments&post=12883"}],"version-history":[{"count":1,"href":"https:\/\/encuentroinformativo.com.mx\/index.php?rest_route=\/wp\/v2\/posts\/12883\/revisions"}],"predecessor-version":[{"id":12885,"href":"https:\/\/encuentroinformativo.com.mx\/index.php?rest_route=\/wp\/v2\/posts\/12883\/revisions\/12885"}],"wp:featuredmedia":[{"embeddable":true,"href":"https:\/\/encuentroinformativo.com.mx\/index.php?rest_route=\/wp\/v2\/media\/12884"}],"wp:attachment":[{"href":"https:\/\/encuentroinformativo.com.mx\/index.php?rest_route=%2Fwp%2Fv2%2Fmedia&parent=12883"}],"wp:term":[{"taxonomy":"category","embeddable":true,"href":"https:\/\/encuentroinformativo.com.mx\/index.php?rest_route=%2Fwp%2Fv2%2Fcategories&post=12883"},{"taxonomy":"post_tag","embeddable":true,"href":"https:\/\/encuentroinformativo.com.mx\/index.php?rest_route=%2Fwp%2Fv2%2Ftags&post=12883"}],"curies":[{"name":"wp","href":"https:\/\/api.w.org\/{rel}","templated":true}]}}