{"id":12888,"date":"2021-04-12T15:10:54","date_gmt":"2021-04-12T20:10:54","guid":{"rendered":"https:\/\/encuentroinformativo.com.mx\/?p=12888"},"modified":"2021-04-12T15:10:57","modified_gmt":"2021-04-12T20:10:57","slug":"necesario-realizar-ajustes-en-plan-de-gobierno-andrade","status":"publish","type":"post","link":"https:\/\/encuentroinformativo.com.mx\/?p=12888","title":{"rendered":"Necesario realizar ajustes en plan de gobierno: Andrade"},"content":{"rendered":"\n<p><strong>Alejandro Avila<\/strong><\/p>\n\n\n\n<p>Veracruz, Ver.- Las diversos atentados en la entidad veracruzana, en contra de candidatos a diputaciones y alcald\u00edas, han evidenciado que no existe un plan de gobierno por parte de la actual administraci\u00f3n estatal que encabeza MORENA.<\/p>\n\n\n\n<p>Arcadio Andrade, fue presentado este lunes por la ma\u00f1ana como vocero de la alianza &#8220;Va Por Veracruz&#8221; que unifica a el PRI &#8211; PAN &#8211; PRD en las pr\u00f3xima contienda electoral.<\/p>\n\n\n\n<p>El empresario cordob\u00e9s, se\u00f1al\u00f3 que de forma lamentable, d\u00eda a d\u00eda se difunden en medios de comunicaci\u00f3n noticias de secuestros, robos a comercios, asaltos a cuentabientes, y dem\u00e1s delitos que elevan los n\u00fameros de inseguridad en Veracruz, sin que a poco m\u00e1s de dos a\u00f1os del actual gobierno, se logre concretar una estrategia que mitige la situaci\u00f3n.<\/p>\n\n\n\n<p>&#8220;El gobierno del Estado tiene que garantizar la seguridad de la gente, pero tambi\u00e9n de los candidatos y de partidos&#8221;, asest\u00f3.<\/p>\n\n\n\n<p>La falta de capacidad en diversos rubros, sobre todo en garantizar la seguridad a los veracruzanos, el actual gobierno lo ha canalizado en represi\u00f3n, no solo a pol\u00edticos, sino a medios de comunicaci\u00f3n, prueba de ello fue la violenta irrumpci\u00f3n al diario Vanguardia en Poza Rica, donde sin argumentos legales de validez, este domingo intimadaro a sus trabajadores, logrando el cierre de sus oficinas centrales.<\/p>\n","protected":false},"excerpt":{"rendered":"<p>Alejandro Avila Veracruz, Ver.- Las diversos atentados en la entidad veracruzana, en contra de candidatos a diputaciones y alcald\u00edas, han evidenciado que no existe un plan de gobierno por parte de la actual administraci\u00f3n estatal que encabeza MORENA. Arcadio Andrade, fue presentado este lunes por la ma\u00f1ana como vocero de la alianza &#8220;Va Por Veracruz&#8221; [&hellip;]<\/p>\n","protected":false},"author":1,"featured_media":12887,"comment_status":"open","ping_status":"open","sticky":false,"template":"","format":"standard","meta":{"_jetpack_memberships_contains_paid_content":false,"footnotes":""},"categories":[2],"tags":[],"class_list":["post-12888","post","type-post","status-publish","format-standard","has-post-thumbnail","hentry","category-estado"],"jetpack_featured_media_url":"https:\/\/encuentroinformativo.com.mx\/wp-content\/uploads\/2021\/04\/08E8267F-2629-4B4D-888D-0751A9DAD3E5.jpeg","jetpack_sharing_enabled":true,"jetpack_likes_enabled":true,"amp_enabled":true,"_links":{"self":[{"href":"https:\/\/encuentroinformativo.com.mx\/index.php?rest_route=\/wp\/v2\/posts\/12888","targetHints":{"allow":["GET"]}}],"collection":[{"href":"https:\/\/encuentroinformativo.com.mx\/index.php?rest_route=\/wp\/v2\/posts"}],"about":[{"href":"https:\/\/encuentroinformativo.com.mx\/index.php?rest_route=\/wp\/v2\/types\/post"}],"author":[{"embeddable":true,"href":"https:\/\/encuentroinformativo.com.mx\/index.php?rest_route=\/wp\/v2\/users\/1"}],"replies":[{"embeddable":true,"href":"https:\/\/encuentroinformativo.com.mx\/index.php?rest_route=%2Fwp%2Fv2%2Fcomments&post=12888"}],"version-history":[{"count":1,"href":"https:\/\/encuentroinformativo.com.mx\/index.php?rest_route=\/wp\/v2\/posts\/12888\/revisions"}],"predecessor-version":[{"id":12890,"href":"https:\/\/encuentroinformativo.com.mx\/index.php?rest_route=\/wp\/v2\/posts\/12888\/revisions\/12890"}],"wp:featuredmedia":[{"embeddable":true,"href":"https:\/\/encuentroinformativo.com.mx\/index.php?rest_route=\/wp\/v2\/media\/12887"}],"wp:attachment":[{"href":"https:\/\/encuentroinformativo.com.mx\/index.php?rest_route=%2Fwp%2Fv2%2Fmedia&parent=12888"}],"wp:term":[{"taxonomy":"category","embeddable":true,"href":"https:\/\/encuentroinformativo.com.mx\/index.php?rest_route=%2Fwp%2Fv2%2Fcategories&post=12888"},{"taxonomy":"post_tag","embeddable":true,"href":"https:\/\/encuentroinformativo.com.mx\/index.php?rest_route=%2Fwp%2Fv2%2Ftags&post=12888"}],"curies":[{"name":"wp","href":"https:\/\/api.w.org\/{rel}","templated":true}]}}