{"id":129,"date":"2020-02-26T13:40:17","date_gmt":"2020-02-26T19:40:17","guid":{"rendered":"https:\/\/encuentroinformativodotcomdotmx.wordpress.com\/?p=129"},"modified":"2020-02-26T13:40:17","modified_gmt":"2020-02-26T19:40:17","slug":"arboles-y-anuncios-derribados-dejan-fuertes-vientos-en-xalapa","status":"publish","type":"post","link":"https:\/\/encuentroinformativo.com.mx\/?p=129","title":{"rendered":"\u00c1rboles y anuncios derribados dejan fuertes vientos en Xalapa"},"content":{"rendered":"<p><img loading=\"lazy\" decoding=\"async\" class=\"size-medium wp-image-131 alignright\" src=\"https:\/\/encuentroinformativo.com.mx\/wp-content\/uploads\/2020\/02\/arboles-viento.jpg?w=300\" alt=\"\" width=\"300\" height=\"169\" srcset=\"https:\/\/encuentroinformativo.com.mx\/wp-content\/uploads\/2020\/02\/arboles-viento.jpg 1280w, https:\/\/encuentroinformativo.com.mx\/wp-content\/uploads\/2020\/02\/arboles-viento-300x169.jpg 300w, https:\/\/encuentroinformativo.com.mx\/wp-content\/uploads\/2020\/02\/arboles-viento-1024x576.jpg 1024w, https:\/\/encuentroinformativo.com.mx\/wp-content\/uploads\/2020\/02\/arboles-viento-768x432.jpg 768w, https:\/\/encuentroinformativo.com.mx\/wp-content\/uploads\/2020\/02\/arboles-viento-1200x675.jpg 1200w\" sizes=\"auto, (max-width: 300px) 100vw, 300px\" \/><\/p>\n<p><strong>Juan Arcos\/Dar\u00edo Pale<\/strong><\/p>\n<p>Xalapa, Ver.- La Direcci\u00f3n de Protecci\u00f3n Civil municipal atendi\u00f3 20 reportes por \u00e1rboles ca\u00eddos en distintas zonas de la ciudad, debido a los fuertes vientos ocasionados por el Frente Fr\u00edo 41, los cuales podr\u00edan alcanzar rachas de hasta 130 kil\u00f3metros por hora ha ocasi\u00f3n la ca\u00edda de varios \u00e1rboles, l\u00e1minas y algunos anuncios.<\/p>\n<p>As\u00ed lo dio a conocer el director Jes\u00fas Vargas Hern\u00e1ndez indic\u00f3 que hasta las 12:00 horas de este mi\u00e9rcoles se atendieron reportes por dichos acontecimientos en avenidas como Ruiz Cortines, L\u00e1zaro C\u00e1rdenas, Araucarias, as\u00ed como en las inmediaciones del cerro de Macuilt\u00e9petl y otras zonas de la ciudad.<\/p>\n<p>Adem\u00e1s, un \u00e1rbol cay\u00f3 sobre el cofre de un veh\u00edculo que se encontraba estacionado en el andador Gema de la unidad habitacional Fovissste; sin embargo, neg\u00f3 que hayan resultado personas lesionadas por la ca\u00edda de \u00e1rboles, derivado del fuerte viento que trajo consigo el frente fr\u00edo n\u00famero 41.<\/p>\n<p>\u201cSe est\u00e1 dando prioridad a retirar los \u00e1rboles que obstruyen las v\u00edas de comunicaci\u00f3n\u201d.<\/p>\n<p>El funcionario municipal coment\u00f3 que se encuentra activado el protocolo de prevenci\u00f3n por parte del Sistema de Protecci\u00f3n Civil, el cual incluye a las \u00e1reas de Parques y Jardines, la Direcci\u00f3n de Obras P\u00fablicas, Alumbrado P\u00fablico y Medio Ambiente, cuyos elementos estar\u00e1n pendientes y recorriendo zonas con arbolado.<\/p>\n<p>Personal de PC municipal ha acordonado las zonas en parques y jardines, donde han ca\u00eddo \u00e1rboles, para retirar los troncos, despu\u00e9s de liberar las calles y avenidas afectadas.<\/p>\n<p>De igual manera \u00a0los fuertes vientos desprendieron algunas l\u00e1minas de las viviendas que cayeron sobre la calle Ju\u00e1rez y da\u00f1aron un taxi, por lo que se cerr\u00f3 la circulaci\u00f3n entre Clavijero y Azueta, d\u00f3nde tambi\u00e9n se present\u00f3 un apag\u00f3n en la zona.<\/p>\n<p>Cabe se\u00f1alar que la Telesecundaria Margarita Mor\u00e1n Veliz de la Reserva El Tronconal desprendi\u00f3 el techo que era una sola estructura y ocasion\u00f3 que los muros colapsaran.<\/p>\n<p>Por \u00faltimo recomend\u00f3 a la poblaci\u00f3n extremar precauciones ante las condiciones adversas para evitar cualquier incidente y abrigarse.<\/p>\n<p>&nbsp;<\/p>\n","protected":false},"excerpt":{"rendered":"<p>Juan Arcos\/Dar\u00edo Pale Xalapa, Ver.- La Direcci\u00f3n de Protecci\u00f3n Civil municipal atendi\u00f3 20 reportes por \u00e1rboles ca\u00eddos en distintas zonas de la ciudad, debido a los fuertes vientos ocasionados por el Frente Fr\u00edo 41, los cuales podr\u00edan alcanzar rachas de hasta 130 kil\u00f3metros por hora ha ocasi\u00f3n la ca\u00edda de varios \u00e1rboles, l\u00e1minas y algunos [&hellip;]<\/p>\n","protected":false},"author":1,"featured_media":131,"comment_status":"open","ping_status":"open","sticky":false,"template":"","format":"standard","meta":{"_jetpack_memberships_contains_paid_content":false,"footnotes":""},"categories":[3],"tags":[],"class_list":["post-129","post","type-post","status-publish","format-standard","has-post-thumbnail","hentry","category-xalapa"],"jetpack_featured_media_url":"https:\/\/encuentroinformativo.com.mx\/wp-content\/uploads\/2020\/02\/arboles-viento.jpg","jetpack_sharing_enabled":true,"jetpack_likes_enabled":true,"amp_enabled":true,"_links":{"self":[{"href":"https:\/\/encuentroinformativo.com.mx\/index.php?rest_route=\/wp\/v2\/posts\/129","targetHints":{"allow":["GET"]}}],"collection":[{"href":"https:\/\/encuentroinformativo.com.mx\/index.php?rest_route=\/wp\/v2\/posts"}],"about":[{"href":"https:\/\/encuentroinformativo.com.mx\/index.php?rest_route=\/wp\/v2\/types\/post"}],"author":[{"embeddable":true,"href":"https:\/\/encuentroinformativo.com.mx\/index.php?rest_route=\/wp\/v2\/users\/1"}],"replies":[{"embeddable":true,"href":"https:\/\/encuentroinformativo.com.mx\/index.php?rest_route=%2Fwp%2Fv2%2Fcomments&post=129"}],"version-history":[{"count":0,"href":"https:\/\/encuentroinformativo.com.mx\/index.php?rest_route=\/wp\/v2\/posts\/129\/revisions"}],"wp:featuredmedia":[{"embeddable":true,"href":"https:\/\/encuentroinformativo.com.mx\/index.php?rest_route=\/wp\/v2\/media\/131"}],"wp:attachment":[{"href":"https:\/\/encuentroinformativo.com.mx\/index.php?rest_route=%2Fwp%2Fv2%2Fmedia&parent=129"}],"wp:term":[{"taxonomy":"category","embeddable":true,"href":"https:\/\/encuentroinformativo.com.mx\/index.php?rest_route=%2Fwp%2Fv2%2Fcategories&post=129"},{"taxonomy":"post_tag","embeddable":true,"href":"https:\/\/encuentroinformativo.com.mx\/index.php?rest_route=%2Fwp%2Fv2%2Ftags&post=129"}],"curies":[{"name":"wp","href":"https:\/\/api.w.org\/{rel}","templated":true}]}}