{"id":12908,"date":"2021-04-13T12:44:51","date_gmt":"2021-04-13T17:44:51","guid":{"rendered":"https:\/\/encuentroinformativo.com.mx\/?p=12908"},"modified":"2021-04-13T12:44:55","modified_gmt":"2021-04-13T17:44:55","slug":"ante-pandemia-recuperacion-economica-sera-lenta-afirman-especialistas","status":"publish","type":"post","link":"https:\/\/encuentroinformativo.com.mx\/?p=12908","title":{"rendered":"Ante pandemia, recuperaci\u00f3n econ\u00f3mica ser\u00e1 lenta; afirman especialistas"},"content":{"rendered":"\n<p><strong>Juan Arcos<\/strong><\/p>\n\n\n\n<p>Xalapa, Ver.- La pandemia del SARS-COV-2 (COVID-19) ocasion\u00f3 que la econom\u00eda en el estado de Veracruz tarde hasta 13 a\u00f1os en recuperarse.<\/p>\n\n\n\n<p>Un estudio del Observatorio de Finanzas P\u00fablicas y Desarrollo Regional de la Universidad Veracruzana (UV) muestra que esta situaci\u00f3n se debe al cierre de empresas y al desempleo derivados de la emergencia sanitaria.<\/p>\n\n\n\n<p>De acuerdo con el economista y coordinador de dicho observatorio, Hilario Barcelata Ch\u00e1vez, en 2020, se registr\u00f3 una ca\u00edda de la econom\u00eda de entre seis y siete por ciento.<\/p>\n\n\n\n<p>El acad\u00e9mico indica que, con base en estimaciones de los modelos de crecimiento econ\u00f3mico para igualar el nivel de producci\u00f3n, capital y el valor del Producto Interno Bruto (PIB) del a\u00f1o 2019, la reactivaci\u00f3n comenzar\u00eda en 2027.<\/p>\n\n\n\n<p>\u201cLa ca\u00edda en general para todo el a\u00f1o va a estar alrededor del seis, siete por ciento, vamos a decir, la p\u00e9rdida grande que tenemos, corrimos un modelo basado en las tazas de crecimiento de la econom\u00eda mexicana, y resulta que la recuperaci\u00f3n para Veracruz para llegar al mismo nivel que ten\u00edamos en 2019 en cuanto al valor de la producci\u00f3n total, m\u00e1s o menos hacia 2027 estar\u00edamos recuperando el nivel\u201d, expresa.<\/p>\n\n\n\n<p>A\u00f1ade que, de acuerdo con los factores que intervienen en el desarrollo de la econom\u00eda, como el \u00edndice de poblaci\u00f3n econ\u00f3micamente activa, para lograr igualar las condiciones del nivel de bienestar social que se ten\u00eda en 2019 deber\u00e1n pasar al menos 13 a\u00f1os.<\/p>\n\n\n\n<p>\u201cSi dividimos el valor de esa producci\u00f3n con la poblaci\u00f3n para alcanzar el valor que ten\u00edamos en 2019 m\u00e1s o menos habr\u00eda que esperar hasta 2034, es decir para alcanzar el mismo nivel de bienestar que ten\u00edamos en 2019\u201d.<\/p>\n\n\n\n<p>En ese sentido, el acad\u00e9mico considera que deben emprenderse mecanismos de recuperaci\u00f3n econ\u00f3mica como la reactivaci\u00f3n de empleos y creaci\u00f3n de nuevas empresas, para que la poblaci\u00f3n vuelva a ocuparse.<\/p>\n","protected":false},"excerpt":{"rendered":"<p>Juan Arcos Xalapa, Ver.- La pandemia del SARS-COV-2 (COVID-19) ocasion\u00f3 que la econom\u00eda en el estado de Veracruz tarde hasta 13 a\u00f1os en recuperarse. Un estudio del Observatorio de Finanzas P\u00fablicas y Desarrollo Regional de la Universidad Veracruzana (UV) muestra que esta situaci\u00f3n se debe al cierre de empresas y al desempleo derivados de la [&hellip;]<\/p>\n","protected":false},"author":1,"featured_media":12909,"comment_status":"open","ping_status":"open","sticky":false,"template":"","format":"standard","meta":{"_jetpack_memberships_contains_paid_content":false,"footnotes":""},"categories":[2],"tags":[],"class_list":["post-12908","post","type-post","status-publish","format-standard","has-post-thumbnail","hentry","category-estado"],"jetpack_featured_media_url":"https:\/\/encuentroinformativo.com.mx\/wp-content\/uploads\/2021\/04\/4F4603F6-0E13-408D-BF76-0BBA2449A738.jpeg","jetpack_sharing_enabled":true,"jetpack_likes_enabled":true,"amp_enabled":true,"_links":{"self":[{"href":"https:\/\/encuentroinformativo.com.mx\/index.php?rest_route=\/wp\/v2\/posts\/12908","targetHints":{"allow":["GET"]}}],"collection":[{"href":"https:\/\/encuentroinformativo.com.mx\/index.php?rest_route=\/wp\/v2\/posts"}],"about":[{"href":"https:\/\/encuentroinformativo.com.mx\/index.php?rest_route=\/wp\/v2\/types\/post"}],"author":[{"embeddable":true,"href":"https:\/\/encuentroinformativo.com.mx\/index.php?rest_route=\/wp\/v2\/users\/1"}],"replies":[{"embeddable":true,"href":"https:\/\/encuentroinformativo.com.mx\/index.php?rest_route=%2Fwp%2Fv2%2Fcomments&post=12908"}],"version-history":[{"count":1,"href":"https:\/\/encuentroinformativo.com.mx\/index.php?rest_route=\/wp\/v2\/posts\/12908\/revisions"}],"predecessor-version":[{"id":12910,"href":"https:\/\/encuentroinformativo.com.mx\/index.php?rest_route=\/wp\/v2\/posts\/12908\/revisions\/12910"}],"wp:featuredmedia":[{"embeddable":true,"href":"https:\/\/encuentroinformativo.com.mx\/index.php?rest_route=\/wp\/v2\/media\/12909"}],"wp:attachment":[{"href":"https:\/\/encuentroinformativo.com.mx\/index.php?rest_route=%2Fwp%2Fv2%2Fmedia&parent=12908"}],"wp:term":[{"taxonomy":"category","embeddable":true,"href":"https:\/\/encuentroinformativo.com.mx\/index.php?rest_route=%2Fwp%2Fv2%2Fcategories&post=12908"},{"taxonomy":"post_tag","embeddable":true,"href":"https:\/\/encuentroinformativo.com.mx\/index.php?rest_route=%2Fwp%2Fv2%2Ftags&post=12908"}],"curies":[{"name":"wp","href":"https:\/\/api.w.org\/{rel}","templated":true}]}}