{"id":12914,"date":"2021-04-13T14:30:33","date_gmt":"2021-04-13T19:30:33","guid":{"rendered":"https:\/\/encuentroinformativo.com.mx\/?p=12914"},"modified":"2021-04-13T14:30:37","modified_gmt":"2021-04-13T19:30:37","slug":"militantes-de-morena-rechazan-imposicion-en-coatepec","status":"publish","type":"post","link":"https:\/\/encuentroinformativo.com.mx\/?p=12914","title":{"rendered":"Militantes de Morena rechazan imposici\u00f3n en Coatepec"},"content":{"rendered":"\n<p><strong>Dar\u00edo Pale <\/strong><\/p>\n\n\n\n<p>Xalapa, Ver.- Debido a que en el municipio de Coatepec los militantes de Morena no quieren que les impongan un candidato por lo que el d\u00eda de hoy se manifestaron en la plaza Lerdo ya que quieren proponer a Raymundo Andrade Rivera\u00a0como aspirante a la presidencia municipal reprocharon que como legislador no hizo algo por su municipio.<\/p>\n\n\n\n<p>Entrevistada Mar\u00eda de Lourdes L\u00f3pez Mart\u00ednez junto con otros morenistas al manifestarse en la plaza Lerdo, en Xalapa se\u00f1alaron que,\u00a0&#8220;ha hecho un trabajo con opacidad. No se merecen esa reelecci\u00f3n. Necesitamos de una persona que haga algo por nuestro municipio, que tiene muchas carencias. En las congregaciones hay muchas necesidades da tristeza ver las condiciones en las que est\u00e1n porque no han recibido nada de obra&#8221;.<\/p>\n\n\n\n<p>Se\u00f1al\u00f3 que hay &#8220;dedazo&#8221; desde la dirigencia nacional de MORENA sin analizar los perfiles de los aspirantes, &#8220;hace falta mucha transparencia, mucha equidad, Mario Delgado y toda la gente que est\u00e1 en la Comisi\u00f3n de Elecciones han dado las candidaturas a gente que en realidad deja mucho qu\u00e9 desear como ciudadanos, que son de otros partidos y que sabemos que no van a dar el resultado en apoyo a la Cuarta Transformaci\u00f3n que tanto ha preguntado el presidente de la Rep\u00fablica&#8221;.<\/p>\n\n\n\n<p>Los inconformes, dijeron que en su municipio hay al menos dos candidatos que han sido elegidos por dedazo para participar en el proceso electoral a celebrarse el 6 de junio, por lo que\u00a0es necesario que se tomen en cuenta a las verdaderas bases para seleccionar a qui\u00e9n los va a representar, y no \u00fanicamente a quienes ya han estado en cargos p\u00fablicos pero que no han hecho nada por Coatepec.<\/p>\n\n\n\n<p>\u201cHay dos personajes que ya todo mundo los conoce, pero si son dos personajes que si tienen el apoyo pero saben lo que yo lo digo, hay varios, pero ninguno con todo respeto, no han hecho nada por Coatepec, eso es lo que queremos nosotros, que sean parejos y que hagan su trabajo\u201d, se\u00f1al\u00f3.<\/p>\n\n\n\n<p>Finalmente hicieron un llamado a sus dirigentes a escucharlos, atender sus demandas y, sobre todo, ir de forma unida rumbo al d\u00eda de la elecci\u00f3n.<\/p>\n\n\n\n<figure class=\"wp-block-image size-large\"><img loading=\"lazy\" decoding=\"async\" width=\"1024\" height=\"595\" src=\"https:\/\/encuentroinformativo.com.mx\/wp-content\/uploads\/2021\/04\/9473B0C6-93F2-4CB2-B254-6F473CA7B167-1024x595.jpeg\" alt=\"\" class=\"wp-image-12916\" srcset=\"https:\/\/encuentroinformativo.com.mx\/wp-content\/uploads\/2021\/04\/9473B0C6-93F2-4CB2-B254-6F473CA7B167-1024x595.jpeg 1024w, https:\/\/encuentroinformativo.com.mx\/wp-content\/uploads\/2021\/04\/9473B0C6-93F2-4CB2-B254-6F473CA7B167-300x174.jpeg 300w, https:\/\/encuentroinformativo.com.mx\/wp-content\/uploads\/2021\/04\/9473B0C6-93F2-4CB2-B254-6F473CA7B167-768x446.jpeg 768w, https:\/\/encuentroinformativo.com.mx\/wp-content\/uploads\/2021\/04\/9473B0C6-93F2-4CB2-B254-6F473CA7B167.jpeg 1208w\" sizes=\"auto, (max-width: 1024px) 100vw, 1024px\" \/><\/figure>\n","protected":false},"excerpt":{"rendered":"<p>Dar\u00edo Pale Xalapa, Ver.- Debido a que en el municipio de Coatepec los militantes de Morena no quieren que les impongan un candidato por lo que el d\u00eda de hoy se manifestaron en la plaza Lerdo ya que quieren proponer a Raymundo Andrade Rivera\u00a0como aspirante a la presidencia municipal reprocharon que como legislador no hizo [&hellip;]<\/p>\n","protected":false},"author":1,"featured_media":12915,"comment_status":"open","ping_status":"open","sticky":false,"template":"","format":"standard","meta":{"_jetpack_memberships_contains_paid_content":false,"footnotes":""},"categories":[8],"tags":[],"class_list":["post-12914","post","type-post","status-publish","format-standard","has-post-thumbnail","hentry","category-region"],"jetpack_featured_media_url":"https:\/\/encuentroinformativo.com.mx\/wp-content\/uploads\/2021\/04\/CCDFD827-998F-4714-BFF6-2CDEDE736BE8.jpeg","jetpack_sharing_enabled":true,"jetpack_likes_enabled":true,"amp_enabled":true,"_links":{"self":[{"href":"https:\/\/encuentroinformativo.com.mx\/index.php?rest_route=\/wp\/v2\/posts\/12914","targetHints":{"allow":["GET"]}}],"collection":[{"href":"https:\/\/encuentroinformativo.com.mx\/index.php?rest_route=\/wp\/v2\/posts"}],"about":[{"href":"https:\/\/encuentroinformativo.com.mx\/index.php?rest_route=\/wp\/v2\/types\/post"}],"author":[{"embeddable":true,"href":"https:\/\/encuentroinformativo.com.mx\/index.php?rest_route=\/wp\/v2\/users\/1"}],"replies":[{"embeddable":true,"href":"https:\/\/encuentroinformativo.com.mx\/index.php?rest_route=%2Fwp%2Fv2%2Fcomments&post=12914"}],"version-history":[{"count":1,"href":"https:\/\/encuentroinformativo.com.mx\/index.php?rest_route=\/wp\/v2\/posts\/12914\/revisions"}],"predecessor-version":[{"id":12917,"href":"https:\/\/encuentroinformativo.com.mx\/index.php?rest_route=\/wp\/v2\/posts\/12914\/revisions\/12917"}],"wp:featuredmedia":[{"embeddable":true,"href":"https:\/\/encuentroinformativo.com.mx\/index.php?rest_route=\/wp\/v2\/media\/12915"}],"wp:attachment":[{"href":"https:\/\/encuentroinformativo.com.mx\/index.php?rest_route=%2Fwp%2Fv2%2Fmedia&parent=12914"}],"wp:term":[{"taxonomy":"category","embeddable":true,"href":"https:\/\/encuentroinformativo.com.mx\/index.php?rest_route=%2Fwp%2Fv2%2Fcategories&post=12914"},{"taxonomy":"post_tag","embeddable":true,"href":"https:\/\/encuentroinformativo.com.mx\/index.php?rest_route=%2Fwp%2Fv2%2Ftags&post=12914"}],"curies":[{"name":"wp","href":"https:\/\/api.w.org\/{rel}","templated":true}]}}