{"id":12918,"date":"2021-04-13T11:58:51","date_gmt":"2021-04-13T16:58:51","guid":{"rendered":"https:\/\/encuentroinformativo.com.mx\/?p=12918"},"modified":"2021-04-13T14:59:22","modified_gmt":"2021-04-13T19:59:22","slug":"solicitan-perredistas-frenar-persecuciones-politicas","status":"publish","type":"post","link":"https:\/\/encuentroinformativo.com.mx\/?p=12918","title":{"rendered":"Solicitan perredistas frenar persecuciones pol\u00edticas"},"content":{"rendered":"\n<p><strong>Dar\u00edo Pale <\/strong><\/p>\n\n\n\n<p>Xalapa, Ver.- Se deben de dejar atr\u00e1s las persecuciones pol\u00edticas y debe de abrirse el di\u00e1logo para resolver los conflictos por lo que los militantes del Partido de la Revoluci\u00f3n Democr\u00e1tica (PRD), solicitaron al gobernador del estado Cuitl\u00e1huac Garc\u00eda Jim\u00e9nez iniciar unas mesas de trabajo.<\/p>\n\n\n\n<p>En conferencia de prensa realizada en conocido caf\u00e9 del centro de Xalapa, el consejero del partido Manuel Bernal Rivera se\u00f1al\u00f3 que,&nbsp;&#8220;tenemos que dejar atr\u00e1s la persecuci\u00f3n pol\u00edtica. Esos eventos de persecusi\u00f3n pol\u00edtica y de simulaci\u00f3n de justicia tienen que dejarse a un lado. Hoy ante la inseguridad, la falta de empleo, la violencia, no podemos agregar m\u00e1s elementos problem\u00e1ticos en nuestra entidad&#8221;.<\/p>\n\n\n\n<p>\u201cEs el momento de que las autoridades que imparten justicia en Veracruz reflexionen, que el Gobernador entienda que necesitamos un buen gobierno y para que haya un buen gobierno necesitamos que haya democracia, que haya justicia y libertad para los que no han cometido ning\u00fan delito&#8221;, agreg\u00f3.<\/p>\n\n\n\n<p>Consider\u00f3 que el Gobernador a\u00fan tiene tiempo de recuperar la justicia, de recomponer los errores cometidos, particularmente por el delito de ultrajes a la autoridad,&nbsp;recalc\u00f3 que los diputados federales ya interpusieron la acci\u00f3n de inconstitucionalidad contra la modificaci\u00f3n al C\u00f3digo Penal por dicha modificaci\u00f3n legal.<\/p>\n\n\n\n<p>Al reiterar que continuar\u00e1n con la defensa de Rogelio Franco para lograr su libertad, record\u00f3 al mandatario veracruzano que el di\u00e1logo es una de las herramientas m\u00e1s importantes para resolver los problemas de la Entidad,&nbsp;&#8220;el di\u00e1logo es la herramienta m\u00e1s eficaz para resolver los problemas de injusticia. No nos cabe la menor duda que va a entrar el gobierno de Veracruz y particularmente el aparato judicial al an\u00e1lisis pormenorizado del caso de Rogelio Franco Cast\u00e1n&#8221;.<\/p>\n\n\n\n<p>Finalmente Manuel Bernal dijo que el caso de Goyo G\u00f3mez, precandidato a la alcald\u00eda de Tihuatl\u00e1n, se violenta el debido proceso y subray\u00f3 que hay evidencias de que fue privado de manera ilegal de su libertad, por lo que tambi\u00e9n el PRD apoyar\u00e1 en su defensa.<\/p>\n","protected":false},"excerpt":{"rendered":"<p>Dar\u00edo Pale Xalapa, Ver.- Se deben de dejar atr\u00e1s las persecuciones pol\u00edticas y debe de abrirse el di\u00e1logo para resolver los conflictos por lo que los militantes del Partido de la Revoluci\u00f3n Democr\u00e1tica (PRD), solicitaron al gobernador del estado Cuitl\u00e1huac Garc\u00eda Jim\u00e9nez iniciar unas mesas de trabajo. En conferencia de prensa realizada en conocido caf\u00e9 [&hellip;]<\/p>\n","protected":false},"author":1,"featured_media":12919,"comment_status":"open","ping_status":"open","sticky":false,"template":"","format":"standard","meta":{"_jetpack_memberships_contains_paid_content":false,"footnotes":""},"categories":[3],"tags":[],"class_list":["post-12918","post","type-post","status-publish","format-standard","has-post-thumbnail","hentry","category-xalapa"],"jetpack_featured_media_url":"https:\/\/encuentroinformativo.com.mx\/wp-content\/uploads\/2021\/04\/C0C575D0-A2F9-4B79-A4C5-A2219DD546B6.jpeg","jetpack_sharing_enabled":true,"jetpack_likes_enabled":true,"amp_enabled":true,"_links":{"self":[{"href":"https:\/\/encuentroinformativo.com.mx\/index.php?rest_route=\/wp\/v2\/posts\/12918","targetHints":{"allow":["GET"]}}],"collection":[{"href":"https:\/\/encuentroinformativo.com.mx\/index.php?rest_route=\/wp\/v2\/posts"}],"about":[{"href":"https:\/\/encuentroinformativo.com.mx\/index.php?rest_route=\/wp\/v2\/types\/post"}],"author":[{"embeddable":true,"href":"https:\/\/encuentroinformativo.com.mx\/index.php?rest_route=\/wp\/v2\/users\/1"}],"replies":[{"embeddable":true,"href":"https:\/\/encuentroinformativo.com.mx\/index.php?rest_route=%2Fwp%2Fv2%2Fcomments&post=12918"}],"version-history":[{"count":2,"href":"https:\/\/encuentroinformativo.com.mx\/index.php?rest_route=\/wp\/v2\/posts\/12918\/revisions"}],"predecessor-version":[{"id":12921,"href":"https:\/\/encuentroinformativo.com.mx\/index.php?rest_route=\/wp\/v2\/posts\/12918\/revisions\/12921"}],"wp:featuredmedia":[{"embeddable":true,"href":"https:\/\/encuentroinformativo.com.mx\/index.php?rest_route=\/wp\/v2\/media\/12919"}],"wp:attachment":[{"href":"https:\/\/encuentroinformativo.com.mx\/index.php?rest_route=%2Fwp%2Fv2%2Fmedia&parent=12918"}],"wp:term":[{"taxonomy":"category","embeddable":true,"href":"https:\/\/encuentroinformativo.com.mx\/index.php?rest_route=%2Fwp%2Fv2%2Fcategories&post=12918"},{"taxonomy":"post_tag","embeddable":true,"href":"https:\/\/encuentroinformativo.com.mx\/index.php?rest_route=%2Fwp%2Fv2%2Ftags&post=12918"}],"curies":[{"name":"wp","href":"https:\/\/api.w.org\/{rel}","templated":true}]}}