{"id":12922,"date":"2021-04-13T15:11:26","date_gmt":"2021-04-13T20:11:26","guid":{"rendered":"https:\/\/encuentroinformativo.com.mx\/?p=12922"},"modified":"2021-04-13T15:11:30","modified_gmt":"2021-04-13T20:11:30","slug":"musicos-presentan-propuestas-para-tener-empleo-en-campanas-politicas","status":"publish","type":"post","link":"https:\/\/encuentroinformativo.com.mx\/?p=12922","title":{"rendered":"M\u00fasicos presentan propuestas para tener empleo en campa\u00f1as pol\u00edticas"},"content":{"rendered":"\n<p><strong>Dar\u00edo Pale<\/strong><\/p>\n\n\n\n<p>Xalapa, Ver.- Roberto Contreras P\u00e9rez, mejor conocido como Sombra\u00a0del grupo musical Los Caracoles present\u00f3 un proyecto para que durante las campa\u00f1as pol\u00edticas puedan tener trabajo, explic\u00f3\u00a0que su propuesta es contar con una unidad m\u00f3vil con bocinas en el que se pueda subir el candidato para hacer un recorrido de unas dos horas, es decir unos 20 kil\u00f3metros.<\/p>\n\n\n\n<p>Entrevistado en los pasillos de conocido caf\u00e9 del centro de Xalapa, consider\u00f3 que la medida podr\u00eda contribuir a que se conociera al candidato y cuidar la sana distancia, sin\u00a0embargo, no ha logrado conseguir los recursos para acondicionar la unidad, para ello necesita unos 250 mil pesos y en ese sentido, llam\u00f3 a los empresarios para que se sumen y lo apoyen, ya que ha buscado financiamiento y no ha tenido suerte.<\/p>\n\n\n\n<p>&#8220;Le ayudar\u00eda al candidato, tendr\u00eda contacto con miles y miles de personas. Yo creo que llevarle m\u00fasica a la gente que hemos estado encerrados durante a\u00f1o y tanto ser\u00eda muy bueno, es\u00a0un proyecto, todos me dicen est\u00e1 muy bueno, pero no tengo el auto. Yo espero que alg\u00fan empresario o gente que tenga camioneta o equipo de audio me diga hacemos mancuerna. Tambi\u00e9n la idea es para todos los m\u00fasicos para que algo pudi\u00e9ramos ganar&#8221;, se\u00f1al\u00f3.<\/p>\n\n\n\n<p>Contreras P\u00e9rez lament\u00f3 que hasta el momento sigan sin empleo y que el gobierno de Veracruz, particularmente la Secretar\u00eda de Turismo, no los haya contactado como lo prometi\u00f3, se\u00f1al\u00f3\u00a0que en el estado de Yucat\u00e1n est\u00e1n apoyando a los m\u00fasicos, manda m\u00fasicos cada ocho d\u00edas a las colonias a tocar y con eso tienen una fuente de ingreso.<\/p>\n\n\n\n<p>De manera que a Los Caracoles les gustar\u00eda que alg\u00fan candidato tomara el proyecto para\u00a0 que pudieran tener trabajo en los meses de campa\u00f1a.<\/p>\n\n\n\n<p>&#8220;Lo que yo busco es que alg\u00fan partido o candidato me dijera oye Roberto te pago todo el mes y si me dan un adelanto yo tendr\u00eda el cami\u00f3n en una semana. Les prometo dos horas de m\u00fasica, la gente nos quiere mucho, el candidato tendr\u00eda mucha gente&#8221;, finaliz\u00f3.<\/p>\n","protected":false},"excerpt":{"rendered":"<p>Dar\u00edo Pale Xalapa, Ver.- Roberto Contreras P\u00e9rez, mejor conocido como Sombra\u00a0del grupo musical Los Caracoles present\u00f3 un proyecto para que durante las campa\u00f1as pol\u00edticas puedan tener trabajo, explic\u00f3\u00a0que su propuesta es contar con una unidad m\u00f3vil con bocinas en el que se pueda subir el candidato para hacer un recorrido de unas dos horas, es [&hellip;]<\/p>\n","protected":false},"author":1,"featured_media":12923,"comment_status":"open","ping_status":"open","sticky":false,"template":"","format":"standard","meta":{"_jetpack_memberships_contains_paid_content":false,"footnotes":""},"categories":[3],"tags":[],"class_list":["post-12922","post","type-post","status-publish","format-standard","has-post-thumbnail","hentry","category-xalapa"],"jetpack_featured_media_url":"https:\/\/encuentroinformativo.com.mx\/wp-content\/uploads\/2021\/04\/17ED4598-AB8E-49E7-87F4-CFD9573CD4B8.jpeg","jetpack_sharing_enabled":true,"jetpack_likes_enabled":true,"amp_enabled":true,"_links":{"self":[{"href":"https:\/\/encuentroinformativo.com.mx\/index.php?rest_route=\/wp\/v2\/posts\/12922","targetHints":{"allow":["GET"]}}],"collection":[{"href":"https:\/\/encuentroinformativo.com.mx\/index.php?rest_route=\/wp\/v2\/posts"}],"about":[{"href":"https:\/\/encuentroinformativo.com.mx\/index.php?rest_route=\/wp\/v2\/types\/post"}],"author":[{"embeddable":true,"href":"https:\/\/encuentroinformativo.com.mx\/index.php?rest_route=\/wp\/v2\/users\/1"}],"replies":[{"embeddable":true,"href":"https:\/\/encuentroinformativo.com.mx\/index.php?rest_route=%2Fwp%2Fv2%2Fcomments&post=12922"}],"version-history":[{"count":1,"href":"https:\/\/encuentroinformativo.com.mx\/index.php?rest_route=\/wp\/v2\/posts\/12922\/revisions"}],"predecessor-version":[{"id":12924,"href":"https:\/\/encuentroinformativo.com.mx\/index.php?rest_route=\/wp\/v2\/posts\/12922\/revisions\/12924"}],"wp:featuredmedia":[{"embeddable":true,"href":"https:\/\/encuentroinformativo.com.mx\/index.php?rest_route=\/wp\/v2\/media\/12923"}],"wp:attachment":[{"href":"https:\/\/encuentroinformativo.com.mx\/index.php?rest_route=%2Fwp%2Fv2%2Fmedia&parent=12922"}],"wp:term":[{"taxonomy":"category","embeddable":true,"href":"https:\/\/encuentroinformativo.com.mx\/index.php?rest_route=%2Fwp%2Fv2%2Fcategories&post=12922"},{"taxonomy":"post_tag","embeddable":true,"href":"https:\/\/encuentroinformativo.com.mx\/index.php?rest_route=%2Fwp%2Fv2%2Ftags&post=12922"}],"curies":[{"name":"wp","href":"https:\/\/api.w.org\/{rel}","templated":true}]}}