{"id":1293,"date":"2020-03-26T12:33:28","date_gmt":"2020-03-26T18:33:28","guid":{"rendered":"https:\/\/encuentroinformativo.com\/?p=1293"},"modified":"2020-03-26T12:33:31","modified_gmt":"2020-03-26T18:33:31","slug":"persiste-escasez-por-temas-de-salud-vive","status":"publish","type":"post","link":"https:\/\/encuentroinformativo.com.mx\/?p=1293","title":{"rendered":"Persiste escasez por temas de salud: VIVE"},"content":{"rendered":"\n<p><strong>Dar\u00edo Pale <\/strong><\/p>\n\n\n\n<p>Xalapa, Ver.- El presidente de la organizaci\u00f3n de Vendedores Independientes de Veracruz (VIVE), Pablo Jim\u00e9nez Ayala se\u00f1al\u00f3 que mientras los tres niveles de gobierno se la pasan en revisiones y propuestas de combate contra el Covid 19, la realidad que experimentan millones de mexicanos es la de la escasez.<\/p>\n\n\n\n<p>Entrevistado en los pasillos de conocido caf\u00e9 de Xalapa dio a conocer que, \u201cen este momento, por el aislamiento de la poblaci\u00f3n, hay mucha gente en Xalapa, en el estado y el pa\u00eds que no tiene recursos econ\u00f3micos; no hay que perder de vista que hay quienes en redes sociales incitan al saqueo, al robo de centros comerciales. Si las autoridades no toman medidas de apoyo a esa poblaci\u00f3n, esto puede acabar en violencia y ello ser\u00eda lo peor que pueda sucedernos en estos momentos de crisis de salud y econ\u00f3mica\u201d.<\/p>\n\n\n\n<p>Pablo Jim\u00e9nez Ayala refiri\u00f3 que tambi\u00e9n existe preocupaci\u00f3n porque los afiliados a VIVE no saben c\u00f3mo van a solventar los gastos de renta, agua, energ\u00eda el\u00e9ctrica y gas, independientemente de los alimentos que necesitan sus familias, m\u00e1xime cuando los pecios de los productos se han disparado.<\/p>\n\n\n\n<p>\u201cSon preocupaciones que tienen quienes deben trabajar todos los d\u00edas, las pol\u00edticas que los tres niveles de gobierno deben implementar deben estar encaminadas a apoyar a toda esa gente que no puede quedarse en casa y que por ahora no tiene ingresos\u201d, dijo.<\/p>\n\n\n\n<p>Dio a conocer que por ahora, lo importante es que la poblaci\u00f3n mantenga la calma, pero que esto se dar\u00e1 si las autoridades act\u00faan. \u201cSe advierte un panorama negro, sobre todo porque se ha dicho que esto podr\u00eda prolongarse por m\u00e1s tiempo\u201d.<\/p>\n\n\n\n<p>Manifest\u00f3 que la pandemia del Covid 19 ha pegado fuertemente entre los comerciantes informales, ya que sus ventas han descendido hasta en un 80 por ciento lo cual impacta muy fuerte a sus agremiados.<\/p>\n\n\n\n<p>\u201cEstamos muy preocupados porque no sabemos hasta d\u00f3nde nos puede llevar esto. Los comerciantes nos preguntan qu\u00e9 es lo que hace el gobierno para poder superar esta crisis econ\u00f3mica\u201d, finalizo<\/p>\n\n\n\n<p><\/p>\n","protected":false},"excerpt":{"rendered":"<p>Dar\u00edo Pale Xalapa, Ver.- El presidente de la organizaci\u00f3n de Vendedores Independientes de Veracruz (VIVE), Pablo Jim\u00e9nez Ayala se\u00f1al\u00f3 que mientras los tres niveles de gobierno se la pasan en revisiones y propuestas de combate contra el Covid 19, la realidad que experimentan millones de mexicanos es la de la escasez. Entrevistado en los pasillos [&hellip;]<\/p>\n","protected":false},"author":1,"featured_media":88,"comment_status":"open","ping_status":"open","sticky":false,"template":"","format":"standard","meta":{"_jetpack_memberships_contains_paid_content":false,"footnotes":""},"categories":[3],"tags":[],"class_list":["post-1293","post","type-post","status-publish","format-standard","has-post-thumbnail","hentry","category-xalapa"],"jetpack_featured_media_url":"https:\/\/encuentroinformativo.com.mx\/wp-content\/uploads\/2020\/02\/palacio.jpg","jetpack_sharing_enabled":true,"jetpack_likes_enabled":true,"amp_enabled":true,"_links":{"self":[{"href":"https:\/\/encuentroinformativo.com.mx\/index.php?rest_route=\/wp\/v2\/posts\/1293","targetHints":{"allow":["GET"]}}],"collection":[{"href":"https:\/\/encuentroinformativo.com.mx\/index.php?rest_route=\/wp\/v2\/posts"}],"about":[{"href":"https:\/\/encuentroinformativo.com.mx\/index.php?rest_route=\/wp\/v2\/types\/post"}],"author":[{"embeddable":true,"href":"https:\/\/encuentroinformativo.com.mx\/index.php?rest_route=\/wp\/v2\/users\/1"}],"replies":[{"embeddable":true,"href":"https:\/\/encuentroinformativo.com.mx\/index.php?rest_route=%2Fwp%2Fv2%2Fcomments&post=1293"}],"version-history":[{"count":1,"href":"https:\/\/encuentroinformativo.com.mx\/index.php?rest_route=\/wp\/v2\/posts\/1293\/revisions"}],"predecessor-version":[{"id":1294,"href":"https:\/\/encuentroinformativo.com.mx\/index.php?rest_route=\/wp\/v2\/posts\/1293\/revisions\/1294"}],"wp:featuredmedia":[{"embeddable":true,"href":"https:\/\/encuentroinformativo.com.mx\/index.php?rest_route=\/wp\/v2\/media\/88"}],"wp:attachment":[{"href":"https:\/\/encuentroinformativo.com.mx\/index.php?rest_route=%2Fwp%2Fv2%2Fmedia&parent=1293"}],"wp:term":[{"taxonomy":"category","embeddable":true,"href":"https:\/\/encuentroinformativo.com.mx\/index.php?rest_route=%2Fwp%2Fv2%2Fcategories&post=1293"},{"taxonomy":"post_tag","embeddable":true,"href":"https:\/\/encuentroinformativo.com.mx\/index.php?rest_route=%2Fwp%2Fv2%2Ftags&post=1293"}],"curies":[{"name":"wp","href":"https:\/\/api.w.org\/{rel}","templated":true}]}}