{"id":12930,"date":"2021-04-13T15:48:52","date_gmt":"2021-04-13T20:48:52","guid":{"rendered":"https:\/\/encuentroinformativo.com.mx\/?p=12930"},"modified":"2021-04-13T15:48:57","modified_gmt":"2021-04-13T20:48:57","slug":"se-deslinda-catem-de-lider-en-coatzacoalcos","status":"publish","type":"post","link":"https:\/\/encuentroinformativo.com.mx\/?p=12930","title":{"rendered":"Se deslinda CATEM de l\u00edder en Coatzacoalcos"},"content":{"rendered":"\n<p><strong>Juan Arcos<\/strong><\/p>\n\n\n\n<p>Xalapa, Ver.- La Confederaci\u00f3n Aut\u00f3noma de Trabajadores y Empleados de M\u00e9xico (CATEM) en Veracruz se deslinda de los presuntos hechos constitutivos de delito cometidos por un empresario transportista del sur de la entidad afiliado a dicha organizaci\u00f3n, los cuales son investigados por la Fiscal\u00eda General del Estado (FGE).<\/p>\n\n\n\n<p>A trav\u00e9s de un comunicado la CATEM en la entidad, manifest\u00f3 que, de ser necesario la organizaci\u00f3n sindical tiene la plena disposici\u00f3n de colaborar con las autoridades correspondientes.<\/p>\n\n\n\n<p>Sin embargo, aclar\u00f3 que la detenci\u00f3n no se llev\u00f3 a cabo en instalaciones de la CATEM en el sur de Veracruz, como se dio a conocer en algunos medios de comunicaci\u00f3n, sino en otro inmueble ajeno a la organizaci\u00f3n.<\/p>\n\n\n\n<p>En ese sentido, se deslinda la CATEM Veracruz de cualquier acto il\u00edcito en el que pudiera estar involucrado el agremiado.<\/p>\n\n\n\n<p>La Confederaci\u00f3n manifest\u00f3 que, en la actualidad, la central obrera representa a m\u00e1s de 120 mil afiliados en la entidad, a trav\u00e9s de un sindicalismo honesto y comprometido con sus trabajadores abri\u00e9ndole la puerta a todo aquel que quiera unirse, pero no es responsabilidad de CATEM los asuntos pendientes que puedan tener en el pasado, presente o en el futuro.<\/p>\n\n\n\n<p>Aclar\u00f3 que la responsabilidad de investigar y esclarecer los hechos, es \u00fanica y exclusivamente de la Fiscal\u00eda General del Estado, con quienes se tiene la completa disposici\u00f3n de colaborar en caso de ser necesario; sin embargo, consider\u00f3 necesario aclarar dichas impresiones, con la finalidad de deslindar a la organizaci\u00f3n de los hechos.<\/p>\n\n\n\n<p>Cabe recordar que hace tres semanas fue detenido Ram\u00f3n \u201cN\u201d, l\u00edder de la CATEM en Coatzacoalcos, acusado de los delitos de ultrajes a la autoridad, delitos contra la salud y portaci\u00f3n de armas de uso exclusivo del Ej\u00e9rcito.<\/p>\n\n\n\n<p>La detenci\u00f3n ocasion\u00f3 que integrantes de la CATEM realizaran protestas y bloqueos, afuera de la Unidad Integral de Justicia, en dicha demarcaci\u00f3n del sur del estado, para exigir su liberaci\u00f3n.<\/p>\n","protected":false},"excerpt":{"rendered":"<p>Juan Arcos Xalapa, Ver.- La Confederaci\u00f3n Aut\u00f3noma de Trabajadores y Empleados de M\u00e9xico (CATEM) en Veracruz se deslinda de los presuntos hechos constitutivos de delito cometidos por un empresario transportista del sur de la entidad afiliado a dicha organizaci\u00f3n, los cuales son investigados por la Fiscal\u00eda General del Estado (FGE). A trav\u00e9s de un comunicado [&hellip;]<\/p>\n","protected":false},"author":1,"featured_media":12931,"comment_status":"open","ping_status":"open","sticky":false,"template":"","format":"standard","meta":{"_jetpack_memberships_contains_paid_content":false,"footnotes":""},"categories":[2],"tags":[],"class_list":["post-12930","post","type-post","status-publish","format-standard","has-post-thumbnail","hentry","category-estado"],"jetpack_featured_media_url":"https:\/\/encuentroinformativo.com.mx\/wp-content\/uploads\/2021\/04\/28B0033C-8D00-4A04-84FD-D8DF6103935D.jpeg","jetpack_sharing_enabled":true,"jetpack_likes_enabled":true,"amp_enabled":true,"_links":{"self":[{"href":"https:\/\/encuentroinformativo.com.mx\/index.php?rest_route=\/wp\/v2\/posts\/12930","targetHints":{"allow":["GET"]}}],"collection":[{"href":"https:\/\/encuentroinformativo.com.mx\/index.php?rest_route=\/wp\/v2\/posts"}],"about":[{"href":"https:\/\/encuentroinformativo.com.mx\/index.php?rest_route=\/wp\/v2\/types\/post"}],"author":[{"embeddable":true,"href":"https:\/\/encuentroinformativo.com.mx\/index.php?rest_route=\/wp\/v2\/users\/1"}],"replies":[{"embeddable":true,"href":"https:\/\/encuentroinformativo.com.mx\/index.php?rest_route=%2Fwp%2Fv2%2Fcomments&post=12930"}],"version-history":[{"count":1,"href":"https:\/\/encuentroinformativo.com.mx\/index.php?rest_route=\/wp\/v2\/posts\/12930\/revisions"}],"predecessor-version":[{"id":12932,"href":"https:\/\/encuentroinformativo.com.mx\/index.php?rest_route=\/wp\/v2\/posts\/12930\/revisions\/12932"}],"wp:featuredmedia":[{"embeddable":true,"href":"https:\/\/encuentroinformativo.com.mx\/index.php?rest_route=\/wp\/v2\/media\/12931"}],"wp:attachment":[{"href":"https:\/\/encuentroinformativo.com.mx\/index.php?rest_route=%2Fwp%2Fv2%2Fmedia&parent=12930"}],"wp:term":[{"taxonomy":"category","embeddable":true,"href":"https:\/\/encuentroinformativo.com.mx\/index.php?rest_route=%2Fwp%2Fv2%2Fcategories&post=12930"},{"taxonomy":"post_tag","embeddable":true,"href":"https:\/\/encuentroinformativo.com.mx\/index.php?rest_route=%2Fwp%2Fv2%2Ftags&post=12930"}],"curies":[{"name":"wp","href":"https:\/\/api.w.org\/{rel}","templated":true}]}}