{"id":12933,"date":"2021-04-13T16:24:13","date_gmt":"2021-04-13T21:24:13","guid":{"rendered":"https:\/\/encuentroinformativo.com.mx\/?p=12933"},"modified":"2021-04-13T16:24:17","modified_gmt":"2021-04-13T21:24:17","slug":"por-altas-temperaturas-cambian-sedes-para-vacunacion-en-el-puerto","status":"publish","type":"post","link":"https:\/\/encuentroinformativo.com.mx\/?p=12933","title":{"rendered":"Por altas temperaturas cambian sedes para vacunaci\u00f3n en el puerto"},"content":{"rendered":"\n<p><strong>Alejandro \u00c1vila<\/strong><\/p>\n\n\n\n<p>Veracruz, Ver.- Seg\u00fan el pron\u00f3stico del tiempo del 15 al 19 de abril se tiene previsto haya altas temperaturas en el municipio de Veracruz.<\/p>\n\n\n\n<p>Ante esta situaci\u00f3n, el delegado federal, Manuel Huerta Ladr\u00f3n de Guevara, mencion\u00f3 que decidieron cambiar cuatro sedes de vacunaci\u00f3n de la segunda dosis, para proteger a las personas de la tercera edad de los intensos calores que se avecinan.<\/p>\n\n\n\n<p>Este lunes por la tarde se confirm\u00f3 que el municipio de Veracruz iniciar\u00e1 la vacunaci\u00f3n de la segunda dosis contra COVID entre el 15 y 19 de abril; por lo que se busc\u00f3 sobre todo, dar una mejor atenci\u00f3n a los adulto mayores, para mejorar sus experiencia de la primera vez, donde reconoci\u00f3 hubo algunas fallas de log\u00edstica.<\/p>\n\n\n\n<p>En ese sentido, dijo que los m\u00f3dulos que cambiaron de ubicaci\u00f3n son:<\/p>\n\n\n\n<p>El m\u00f3dulo Adolfo Ru\u00edz Cortines fue cambiado a la escuela secundaria federal Jos\u00e9 Mart\u00ed<br>El m\u00f3dulo de Los Pinos se cambi\u00f3 al Conalep 2<br>El m\u00f3dulo del Coyol a la escuela primaria Nicol\u00e1s Bravo<br>Y el m\u00f3dulo de Amapolas se cambi\u00f3 a\u00a0 escuela secundaria Profesora Concepci\u00f3n<\/p>\n\n\n\n<p>El horario de vacunaci\u00f3n es de 8 de la ma\u00f1ana y se cierra a las 6 y de haber gente formada se vacunara hasta la \u00faltima persona. Manuel Huerta Ladr\u00f3n de Guevara, subray\u00f3 que la vacunaci\u00f3n es \u00fanicamente de segundas dosis y el objetivo es vacunar a las 72 mil personas que ya recibieron la primera dosis.<\/p>\n","protected":false},"excerpt":{"rendered":"<p>Alejandro \u00c1vila Veracruz, Ver.- Seg\u00fan el pron\u00f3stico del tiempo del 15 al 19 de abril se tiene previsto haya altas temperaturas en el municipio de Veracruz. Ante esta situaci\u00f3n, el delegado federal, Manuel Huerta Ladr\u00f3n de Guevara, mencion\u00f3 que decidieron cambiar cuatro sedes de vacunaci\u00f3n de la segunda dosis, para proteger a las personas de [&hellip;]<\/p>\n","protected":false},"author":1,"featured_media":12934,"comment_status":"open","ping_status":"open","sticky":false,"template":"","format":"standard","meta":{"_jetpack_memberships_contains_paid_content":false,"footnotes":""},"categories":[2],"tags":[],"class_list":["post-12933","post","type-post","status-publish","format-standard","has-post-thumbnail","hentry","category-estado"],"jetpack_featured_media_url":"https:\/\/encuentroinformativo.com.mx\/wp-content\/uploads\/2021\/04\/DC5C60B1-3104-42E9-84B1-BDCD59952594.jpeg","jetpack_sharing_enabled":true,"jetpack_likes_enabled":true,"amp_enabled":true,"_links":{"self":[{"href":"https:\/\/encuentroinformativo.com.mx\/index.php?rest_route=\/wp\/v2\/posts\/12933","targetHints":{"allow":["GET"]}}],"collection":[{"href":"https:\/\/encuentroinformativo.com.mx\/index.php?rest_route=\/wp\/v2\/posts"}],"about":[{"href":"https:\/\/encuentroinformativo.com.mx\/index.php?rest_route=\/wp\/v2\/types\/post"}],"author":[{"embeddable":true,"href":"https:\/\/encuentroinformativo.com.mx\/index.php?rest_route=\/wp\/v2\/users\/1"}],"replies":[{"embeddable":true,"href":"https:\/\/encuentroinformativo.com.mx\/index.php?rest_route=%2Fwp%2Fv2%2Fcomments&post=12933"}],"version-history":[{"count":1,"href":"https:\/\/encuentroinformativo.com.mx\/index.php?rest_route=\/wp\/v2\/posts\/12933\/revisions"}],"predecessor-version":[{"id":12935,"href":"https:\/\/encuentroinformativo.com.mx\/index.php?rest_route=\/wp\/v2\/posts\/12933\/revisions\/12935"}],"wp:featuredmedia":[{"embeddable":true,"href":"https:\/\/encuentroinformativo.com.mx\/index.php?rest_route=\/wp\/v2\/media\/12934"}],"wp:attachment":[{"href":"https:\/\/encuentroinformativo.com.mx\/index.php?rest_route=%2Fwp%2Fv2%2Fmedia&parent=12933"}],"wp:term":[{"taxonomy":"category","embeddable":true,"href":"https:\/\/encuentroinformativo.com.mx\/index.php?rest_route=%2Fwp%2Fv2%2Fcategories&post=12933"},{"taxonomy":"post_tag","embeddable":true,"href":"https:\/\/encuentroinformativo.com.mx\/index.php?rest_route=%2Fwp%2Fv2%2Ftags&post=12933"}],"curies":[{"name":"wp","href":"https:\/\/api.w.org\/{rel}","templated":true}]}}