{"id":12937,"date":"2021-04-13T20:36:15","date_gmt":"2021-04-14T01:36:15","guid":{"rendered":"https:\/\/encuentroinformativo.com.mx\/?p=12937"},"modified":"2021-04-13T20:36:19","modified_gmt":"2021-04-14T01:36:19","slug":"precandidato-de-mc-sufre-atentado-en-paso-del-toro","status":"publish","type":"post","link":"https:\/\/encuentroinformativo.com.mx\/?p=12937","title":{"rendered":"Precandidato de MC sufre atentado en Paso del Toro"},"content":{"rendered":"\n<p><strong>Alejandro \u00c1vila<\/strong><\/p>\n\n\n\n<p>Medell\u00edn de Bravo, Ver.- El pre candidato a la presidencia municipal Medell\u00edn de Bravo por Movimiento Ciudadano, Guillermo Herrada Jim\u00e9nez, sufri\u00f3 un atentado mientras circulaba por la carretera federal 180, Paso del Toro- Santa Fe, acompa\u00f1ado de su equipo de trabajo.<\/p>\n\n\n\n<p>Una camioneta Ford blanca, los embisti\u00f3 cerca de las 16:30 horas cerca del cruce de La Esperanza.<\/p>\n\n\n\n<p>Seg\u00fan lo relatado por los afectados, la camioneta Ford FX2 aceler\u00f3 la velocidad buscando impactar la camioneta chrevrolet Tahoe donde viajaba Herrada Jim\u00e9nez; fue debido a la destreza del conductor que lograron esquivarla, aunquen un veh\u00edculo Sentra, parte del convoy, y tripulado por su equipo de trabajo, recibi\u00f3 el golpe, ocasionando la perdida total de la unidad.<\/p>\n\n\n\n<p>La camioneta blanca que atent\u00f3 contra el equipo de trabajo de Guillermo Herrada, se incrust\u00f3 contra el muro de contenci\u00f3n, acto seguido, los dos tripulantes abandonaron el veh\u00edculo y corrieron con rumbo desconocido, entre las mismas brechas de la carretera.<\/p>\n\n\n\n<p>Al lugar se dieron cita elemento de emergencias del 911 para dar atenci\u00f3n a los tripulantes del Sentra quienes resultaron ilesos, el veh\u00edculo quedo en perdida total.<\/p>\n\n\n\n<figure class=\"wp-block-image size-large\"><img loading=\"lazy\" decoding=\"async\" width=\"576\" height=\"1024\" src=\"https:\/\/encuentroinformativo.com.mx\/wp-content\/uploads\/2021\/04\/515C98F9-5AED-46CB-9170-5B4E3767A993-576x1024.jpeg\" alt=\"\" class=\"wp-image-12939\" srcset=\"https:\/\/encuentroinformativo.com.mx\/wp-content\/uploads\/2021\/04\/515C98F9-5AED-46CB-9170-5B4E3767A993-576x1024.jpeg 576w, https:\/\/encuentroinformativo.com.mx\/wp-content\/uploads\/2021\/04\/515C98F9-5AED-46CB-9170-5B4E3767A993-169x300.jpeg 169w, https:\/\/encuentroinformativo.com.mx\/wp-content\/uploads\/2021\/04\/515C98F9-5AED-46CB-9170-5B4E3767A993.jpeg 720w\" sizes=\"auto, (max-width: 576px) 100vw, 576px\" \/><\/figure>\n","protected":false},"excerpt":{"rendered":"<p>Alejandro \u00c1vila Medell\u00edn de Bravo, Ver.- El pre candidato a la presidencia municipal Medell\u00edn de Bravo por Movimiento Ciudadano, Guillermo Herrada Jim\u00e9nez, sufri\u00f3 un atentado mientras circulaba por la carretera federal 180, Paso del Toro- Santa Fe, acompa\u00f1ado de su equipo de trabajo. Una camioneta Ford blanca, los embisti\u00f3 cerca de las 16:30 horas cerca [&hellip;]<\/p>\n","protected":false},"author":1,"featured_media":12938,"comment_status":"open","ping_status":"open","sticky":false,"template":"","format":"standard","meta":{"_jetpack_memberships_contains_paid_content":false,"footnotes":""},"categories":[14],"tags":[],"class_list":["post-12937","post","type-post","status-publish","format-standard","has-post-thumbnail","hentry","category-policiaca"],"jetpack_featured_media_url":"https:\/\/encuentroinformativo.com.mx\/wp-content\/uploads\/2021\/04\/6C9BEFFC-E257-4589-8D46-7E38DAF9871C.jpeg","jetpack_sharing_enabled":true,"jetpack_likes_enabled":true,"amp_enabled":true,"_links":{"self":[{"href":"https:\/\/encuentroinformativo.com.mx\/index.php?rest_route=\/wp\/v2\/posts\/12937","targetHints":{"allow":["GET"]}}],"collection":[{"href":"https:\/\/encuentroinformativo.com.mx\/index.php?rest_route=\/wp\/v2\/posts"}],"about":[{"href":"https:\/\/encuentroinformativo.com.mx\/index.php?rest_route=\/wp\/v2\/types\/post"}],"author":[{"embeddable":true,"href":"https:\/\/encuentroinformativo.com.mx\/index.php?rest_route=\/wp\/v2\/users\/1"}],"replies":[{"embeddable":true,"href":"https:\/\/encuentroinformativo.com.mx\/index.php?rest_route=%2Fwp%2Fv2%2Fcomments&post=12937"}],"version-history":[{"count":1,"href":"https:\/\/encuentroinformativo.com.mx\/index.php?rest_route=\/wp\/v2\/posts\/12937\/revisions"}],"predecessor-version":[{"id":12940,"href":"https:\/\/encuentroinformativo.com.mx\/index.php?rest_route=\/wp\/v2\/posts\/12937\/revisions\/12940"}],"wp:featuredmedia":[{"embeddable":true,"href":"https:\/\/encuentroinformativo.com.mx\/index.php?rest_route=\/wp\/v2\/media\/12938"}],"wp:attachment":[{"href":"https:\/\/encuentroinformativo.com.mx\/index.php?rest_route=%2Fwp%2Fv2%2Fmedia&parent=12937"}],"wp:term":[{"taxonomy":"category","embeddable":true,"href":"https:\/\/encuentroinformativo.com.mx\/index.php?rest_route=%2Fwp%2Fv2%2Fcategories&post=12937"},{"taxonomy":"post_tag","embeddable":true,"href":"https:\/\/encuentroinformativo.com.mx\/index.php?rest_route=%2Fwp%2Fv2%2Ftags&post=12937"}],"curies":[{"name":"wp","href":"https:\/\/api.w.org\/{rel}","templated":true}]}}