{"id":12941,"date":"2021-04-13T11:55:43","date_gmt":"2021-04-13T16:55:43","guid":{"rendered":"https:\/\/encuentroinformativo.com.mx\/?p=12941"},"modified":"2021-04-13T20:57:10","modified_gmt":"2021-04-14T01:57:10","slug":"acusan-despido-injustificado-en-contraloria-estatal","status":"publish","type":"post","link":"https:\/\/encuentroinformativo.com.mx\/?p=12941","title":{"rendered":"Acusan despido injustificado en Contralor\u00eda estatal"},"content":{"rendered":"\n<p><strong>Dar\u00edo Pale<\/strong> <\/p>\n\n\n\n<p>Xalapa, Ver.- Denuncio p\u00fablicamente que fue despedido de manera injustificada de la direcci\u00f3n general de Transparencia, Anticorrupci\u00f3n y Funci\u00f3n P\u00fablica perteneciente a la Contralor\u00eda General del Estado el se\u00f1or\u00a0Orlando Uziel Mu\u00f1oz Tejeda.<\/p>\n\n\n\n<p>Entrevistado a un costado de conocido caf\u00e9 del centro de Xalapa se\u00f1al\u00f3 que,\u00a0&#8220;nos sentimos vigilados, maltratados por parte de la Contralora (Mercedes Santoyo) y su secretaria particular Beatriz Mulato Ostos&#8221;.<\/p>\n\n\n\n<p>Dio a conocer que adem\u00e1s le adeudan m\u00e1s de 30 mil pesos porque desde que ingres\u00f3, el 8 de febrero no ha cobrado, ni firmado contrato, por lo que\u00a0Mu\u00f1oz Tejeda dijo que ya present\u00f3 queja ante la Comisi\u00f3n Estatal de Derechos Humanos y presentar\u00e1 demanda laboral ante la Secretar\u00eda del Trabajo y Previsi\u00f3n Social.<\/p>\n\n\n\n<p>&#8220;Recib\u00ed trato indigno, de humillaci\u00f3n, se supone que votamos por el cambio&#8230; actitud de prepotencia de Beatriz Mulato Ostos. Yo me dirig\u00ed para que me explicara los motivos de mi rescisi\u00f3n laboral y me trat\u00f3 mal, me dijo que no hab\u00eda oportunidad de recontratarme por falta de experiencia&#8221;, se\u00f1al\u00f3.<\/p>\n\n\n\n<p>En ese sentido, record\u00f3 que es de todos sabido que es ella quien no re\u00fane el perfil acad\u00e9mico como para exigir experiencia en el \u00e1rea, por lo que el exempleado indic\u00f3 que har\u00e1 valer sus derechos humanos y laborales y en ese sentido dijo que pedir\u00e1 una revisi\u00f3n de su caso ante el \u00e1rea de fiscalizaci\u00f3n interna, toda vez que la directora jur\u00eddica lo est\u00e1 presionando para que haga una entrega-recepci\u00f3n, pero record\u00f3 que no es servidor p\u00fablico.<\/p>\n\n\n\n<p>Finalmente dio a conocer que hace poco se dio a conocer que la particular de Mercedes Santoyo es maestra de yoga y cobra un sueldo de 52 mil 180 pesos, adem\u00e1s de que se ha visto beneficiada de otras cosas por parte de la titular de la dependencia.<\/p>\n","protected":false},"excerpt":{"rendered":"<p>Dar\u00edo Pale Xalapa, Ver.- Denuncio p\u00fablicamente que fue despedido de manera injustificada de la direcci\u00f3n general de Transparencia, Anticorrupci\u00f3n y Funci\u00f3n P\u00fablica perteneciente a la Contralor\u00eda General del Estado el se\u00f1or\u00a0Orlando Uziel Mu\u00f1oz Tejeda. Entrevistado a un costado de conocido caf\u00e9 del centro de Xalapa se\u00f1al\u00f3 que,\u00a0&#8220;nos sentimos vigilados, maltratados por parte de la Contralora [&hellip;]<\/p>\n","protected":false},"author":1,"featured_media":12942,"comment_status":"open","ping_status":"open","sticky":false,"template":"","format":"standard","meta":{"_jetpack_memberships_contains_paid_content":false,"footnotes":""},"categories":[3],"tags":[],"class_list":["post-12941","post","type-post","status-publish","format-standard","has-post-thumbnail","hentry","category-xalapa"],"jetpack_featured_media_url":"https:\/\/encuentroinformativo.com.mx\/wp-content\/uploads\/2021\/04\/728C163F-BD68-401F-A281-E47627268826.jpeg","jetpack_sharing_enabled":true,"jetpack_likes_enabled":true,"amp_enabled":true,"_links":{"self":[{"href":"https:\/\/encuentroinformativo.com.mx\/index.php?rest_route=\/wp\/v2\/posts\/12941","targetHints":{"allow":["GET"]}}],"collection":[{"href":"https:\/\/encuentroinformativo.com.mx\/index.php?rest_route=\/wp\/v2\/posts"}],"about":[{"href":"https:\/\/encuentroinformativo.com.mx\/index.php?rest_route=\/wp\/v2\/types\/post"}],"author":[{"embeddable":true,"href":"https:\/\/encuentroinformativo.com.mx\/index.php?rest_route=\/wp\/v2\/users\/1"}],"replies":[{"embeddable":true,"href":"https:\/\/encuentroinformativo.com.mx\/index.php?rest_route=%2Fwp%2Fv2%2Fcomments&post=12941"}],"version-history":[{"count":1,"href":"https:\/\/encuentroinformativo.com.mx\/index.php?rest_route=\/wp\/v2\/posts\/12941\/revisions"}],"predecessor-version":[{"id":12943,"href":"https:\/\/encuentroinformativo.com.mx\/index.php?rest_route=\/wp\/v2\/posts\/12941\/revisions\/12943"}],"wp:featuredmedia":[{"embeddable":true,"href":"https:\/\/encuentroinformativo.com.mx\/index.php?rest_route=\/wp\/v2\/media\/12942"}],"wp:attachment":[{"href":"https:\/\/encuentroinformativo.com.mx\/index.php?rest_route=%2Fwp%2Fv2%2Fmedia&parent=12941"}],"wp:term":[{"taxonomy":"category","embeddable":true,"href":"https:\/\/encuentroinformativo.com.mx\/index.php?rest_route=%2Fwp%2Fv2%2Fcategories&post=12941"},{"taxonomy":"post_tag","embeddable":true,"href":"https:\/\/encuentroinformativo.com.mx\/index.php?rest_route=%2Fwp%2Fv2%2Ftags&post=12941"}],"curies":[{"name":"wp","href":"https:\/\/api.w.org\/{rel}","templated":true}]}}