{"id":12944,"date":"2021-04-14T10:06:05","date_gmt":"2021-04-14T15:06:05","guid":{"rendered":"https:\/\/encuentroinformativo.com.mx\/?p=12944"},"modified":"2021-04-14T10:06:08","modified_gmt":"2021-04-14T15:06:08","slug":"el-chocolate-del-pes","status":"publish","type":"post","link":"https:\/\/encuentroinformativo.com.mx\/?p=12944","title":{"rendered":"El Chocolate del PES"},"content":{"rendered":"\n<p><strong>Los Pol\u00edticos<\/strong><\/p>\n\n\n\n<p><strong>Salvador Mu\u00f1oz<\/strong><\/p>\n\n\n\n<p>A los ocho a\u00f1os de edad, iba a cortar caf\u00e9. Su madre entonces, en un comal, echaba la tortilla y reci\u00e9n salida, era acompa\u00f1ada de frijoles y unas boronitas de queso\u2026 Le pregunto si es Contador. Me responde que es Jos\u00e9 Alberto P\u00e9rez Fuentes, El Chocolate, que \u00e9sa es la esencia de las personas, no sus t\u00edtulos\u2026 habla de Seguridad P\u00fablica, habla de Seguridad Social, habla de futbol, lo mismo cita a Albert Einstein que a Facundo Cabral y defiende con vehemencia los campeonatos del Cruz Azul\u2026 traza n\u00fameros, c\u00e1lculos; me recomienda una pel\u00edcula, me presume que a sus 60 a\u00f1os todav\u00eda se echa sus cascaritas y por si fuera poco, no se ti\u00f1e el cabello ni el bigote\u2026 \u00a1los tiene bien negros! su vida no fue f\u00e1cil, por eso recordaba que a los ocho a\u00f1os cuando cortaba caf\u00e9, su mam\u00e1 le preparaba una tortilla hecha a mano acompa\u00f1ada de frijoles y unas boronitas de queso\u2026 y mucho de eso no ha cambiado\u2026 a\u00fan se cena esas tortillitas con frijolitos, \u00a1pero hoy les echa un chingo de queso!<\/p>\n\n\n\n<p>II<\/p>\n\n\n\n<p>Es en la nueva Estancia, ubicada en el <a href=\"https:\/\/www.google.com\/maps\/search\/bulevar+Crist%C3%B3bal+Col%C3%B3n+69?entry=gmail&amp;source=g\">bulevar Crist\u00f3bal Col\u00f3n 69<\/a>, de Jardines de las Animas, que me encuentro al presidente del Comit\u00e9 Municipal del partido Encuentro Solidario en Xalapa, Jos\u00e9 Alberto P\u00e9rez Fuentes, m\u00e1s conocido por su mote, El Chocolate, figura emblem\u00e1tica del barrio de El Dique.<\/p>\n\n\n\n<p>Su 1.87 los justifica como delantero jugando futbol en el Xalapa FC de la tercera divisi\u00f3n, pero ya no sigui\u00f3\u2026 jugaba o com\u00eda.<\/p>\n\n\n\n<p>Desde muy peque\u00f1o se dio cuenta que era bueno para los trancazos, pero no porque quisiera, sino porque el barrio lo demandaba: se trataba de sobrevivir. Sin embargo, a los 13 a\u00f1os, descubri\u00f3 algo m\u00e1s, si bien era bueno con los pu\u00f1os, tambi\u00e9n lo era con el cerebro y empez\u00f3 a usarlo por encima de las pugnas.<\/p>\n\n\n\n<p>Le digo que hace muchos a\u00f1os, all\u00e1 por 1990, alguien me puso una santa madriza precisamente enfrente de La Estancia de los Tecajetes de Avila Camacho. Me pidi\u00f3 la descripci\u00f3n y le dije el sobrenombre de mi agresor: He-Man (no el panista), y me responde: \u201c\u00a1Entonces no fui yo!\u201d para expresar un dicho de un amigo suyo cuando lo estaban golpeando: \u201c\u00a1Hijo de tu chingada madre! \u00a1Me vas a madrear, pero la boca me la vas a escuchar!\u201d<\/p>\n\n\n\n<p>III<\/p>\n\n\n\n<p>Apuesta a la unidad, a que la sociedad se una para hacer realidad los cambios, y pone de ejemplo su barrio El Dique, cuando all\u00e1 por 1975-1976, exigieron la pavimentaci\u00f3n de la zona al entonces gobernador Rafael Hern\u00e1ndez Ochoa y as\u00ed se hizo\u2026<\/p>\n\n\n\n<p>Tiene 30 a\u00f1os apoyando al deporte, a la ciencia y el arte a trav\u00e9s del Club Juvenil Veracruzano y por eso lamenta que siendo la capital de la entidad, haya pocos espacios para jugar futbol\u2026 \u201cantes, al menos ten\u00edamos los campos Ju\u00e1rez\u201d, hoy, por partido, tienen que pagar m\u00e1s de 600 pesos.<\/p>\n\n\n\n<p>La idea del Club es alejar a los chavos de las malas decisiones\u2026 de las 448 colonias que hay en Xalapa, en 180 se concentra un problema de drogas\u2026 sabe de lo que habla\u2026 \u201cfui polic\u00eda\u201d y estuvo trabajando al lado del Hombre Leyenda, don Fernando Guti\u00e9rrez Barrios.<\/p>\n\n\n\n<p>IV<\/p>\n\n\n\n<p>\u00bfPor qu\u00e9 El Chocolate? El apodo se da en la secundaria, cuando al llegar a la primera clase, do\u00f1a Teo le daba un chupirul de ese sabor porque si no, se dorm\u00eda\u2026 la mala alimentaci\u00f3n. Cuando el maestro lo vio con el dulce en el sal\u00f3n de clases, pidi\u00f3 que se saliera, pero los alumnos protestaron; entonces Emilio y Miguel \u00c1ngel Salgado Flores, sobrinos de Leonila Flores, esposa de Rub\u00e9n Pabello Acosta le pusieron El Chocolate.<\/p>\n\n\n\n<p>Cuenta cantidad de an\u00e9cdotas, todas ricas en torno a la pol\u00edtica. Le digo que las fotos no le favorecen porque reflejan su edad, pero en persona, se ve m\u00e1s joven. Me dice que uno de los problemas de la gente es que se preocupa por todo\u2026 por la dieta, por el tr\u00e1fico, por el clima\u2026 \u201ca m\u00ed nada me preocupa\u2026 \u00a1y eso es preocupante!\u201d<\/p>\n\n\n\n<p><a href=\"mailto:smcainito@gmail.com\" target=\"_blank\" rel=\"noreferrer noopener\">smcainito@gmail.com<\/a><\/p>\n","protected":false},"excerpt":{"rendered":"<p>Los Pol\u00edticos Salvador Mu\u00f1oz A los ocho a\u00f1os de edad, iba a cortar caf\u00e9. Su madre entonces, en un comal, echaba la tortilla y reci\u00e9n salida, era acompa\u00f1ada de frijoles y unas boronitas de queso\u2026 Le pregunto si es Contador. Me responde que es Jos\u00e9 Alberto P\u00e9rez Fuentes, El Chocolate, que \u00e9sa es la esencia [&hellip;]<\/p>\n","protected":false},"author":1,"featured_media":70,"comment_status":"open","ping_status":"open","sticky":false,"template":"","format":"standard","meta":{"_jetpack_memberships_contains_paid_content":false,"footnotes":""},"categories":[11],"tags":[],"class_list":["post-12944","post","type-post","status-publish","format-standard","has-post-thumbnail","hentry","category-opinion"],"jetpack_featured_media_url":"https:\/\/encuentroinformativo.com.mx\/wp-content\/uploads\/2020\/02\/opinion-invitado.jpg","jetpack_sharing_enabled":true,"jetpack_likes_enabled":true,"amp_enabled":true,"_links":{"self":[{"href":"https:\/\/encuentroinformativo.com.mx\/index.php?rest_route=\/wp\/v2\/posts\/12944","targetHints":{"allow":["GET"]}}],"collection":[{"href":"https:\/\/encuentroinformativo.com.mx\/index.php?rest_route=\/wp\/v2\/posts"}],"about":[{"href":"https:\/\/encuentroinformativo.com.mx\/index.php?rest_route=\/wp\/v2\/types\/post"}],"author":[{"embeddable":true,"href":"https:\/\/encuentroinformativo.com.mx\/index.php?rest_route=\/wp\/v2\/users\/1"}],"replies":[{"embeddable":true,"href":"https:\/\/encuentroinformativo.com.mx\/index.php?rest_route=%2Fwp%2Fv2%2Fcomments&post=12944"}],"version-history":[{"count":1,"href":"https:\/\/encuentroinformativo.com.mx\/index.php?rest_route=\/wp\/v2\/posts\/12944\/revisions"}],"predecessor-version":[{"id":12945,"href":"https:\/\/encuentroinformativo.com.mx\/index.php?rest_route=\/wp\/v2\/posts\/12944\/revisions\/12945"}],"wp:featuredmedia":[{"embeddable":true,"href":"https:\/\/encuentroinformativo.com.mx\/index.php?rest_route=\/wp\/v2\/media\/70"}],"wp:attachment":[{"href":"https:\/\/encuentroinformativo.com.mx\/index.php?rest_route=%2Fwp%2Fv2%2Fmedia&parent=12944"}],"wp:term":[{"taxonomy":"category","embeddable":true,"href":"https:\/\/encuentroinformativo.com.mx\/index.php?rest_route=%2Fwp%2Fv2%2Fcategories&post=12944"},{"taxonomy":"post_tag","embeddable":true,"href":"https:\/\/encuentroinformativo.com.mx\/index.php?rest_route=%2Fwp%2Fv2%2Ftags&post=12944"}],"curies":[{"name":"wp","href":"https:\/\/api.w.org\/{rel}","templated":true}]}}