{"id":12949,"date":"2021-04-14T12:09:12","date_gmt":"2021-04-14T17:09:12","guid":{"rendered":"https:\/\/encuentroinformativo.com.mx\/?p=12949"},"modified":"2021-04-14T12:09:15","modified_gmt":"2021-04-14T17:09:15","slug":"medicos-de-hospitales-covid-demandan-ser-vacunados","status":"publish","type":"post","link":"https:\/\/encuentroinformativo.com.mx\/?p=12949","title":{"rendered":"M\u00e9dicos de hospitales Covid, demandan ser vacunados"},"content":{"rendered":"\n<p><strong>Juan Arcos<\/strong><\/p>\n\n\n\n<p>Xalapa, Ver.- M\u00e9dicos de hospitales COVID-19 denunciaron que no ha sido vacunado todo el personal del Sector Salud que atiende a pacientes con esta enfermedad, situaci\u00f3n que los pone en peligro.<\/p>\n\n\n\n<p>Un grupo de ellos se manifest\u00f3 afuera del Teatro del Estado \u201cIgnacio de la Llave\u201d y sum\u00f3 a la ola de protestas que se llevar\u00edan a cabo en distintas ciudades del estado y del pa\u00eds, para exigir que todo el personal de la primera l\u00ednea de batalla sea inmunizado.<\/p>\n\n\n\n<p>Marcos Antonio Mart\u00ednez Garc\u00eda, adscrito a la Unidad de Cuidados Intensivos del Centro de Alta Especialidad (CAE) \u201cDoctor Rafael Lucio\u201d, indic\u00f3 que antes de vacunar a docentes es necesario que la dosis sea aplicada a todo el personal de salud, toda vez que algunos trabajadores contin\u00faan falleciendo tras contagiarse.&nbsp;<\/p>\n\n\n\n<p>\u201cYa fallecieron cirujanos, ya fallecieron otros m\u00e9dicos que no fueron inmunizados aunque ya estaba la vacuna. Acaban de fallecer hace 15 d\u00edas de COVID, otros compa\u00f1eros que ya son jubilados pero que por desgracia todav\u00eda no cumplen los 60 a\u00f1os tampoco fueron inmunizados, acaba de fallecer otro compa\u00f1ero el pasado lunes\u201d.&nbsp;<\/p>\n\n\n\n<p>Adem\u00e1s, se\u00f1al\u00f3 que tambi\u00e9n es necesario inmunizar al personal m\u00e9dico de hospitales y sanatorios privados.<\/p>\n\n\n\n<p>\u201cPorque ellos no son los due\u00f1os de los hospitales, como creen las autoridades, ellos son empleados como nosotros, son camilleros, son qu\u00edmicos, son enfermeras, son m\u00e9dicos que est\u00e1n ah\u00ed recibiendo a todo tipo de paciente, es mentira que nada m\u00e1s reciben a algunos, muchos pacientes llegan con fiebre, diarrea, dolor, malestar y son COVID\u201d.<\/p>\n\n\n\n<p>El entrevistado destac\u00f3 que las farmacias que ofrecen consultas m\u00e9dicas al p\u00fablico en general son las que reciben el mayor n\u00famero de pacientes con coronavirus.<\/p>\n\n\n\n<p>\u201cEs injusto que las autoridades no est\u00e9n tomando en cuenta a los m\u00e9dicos en general para poder ser inmunizados, no nada m\u00e1s a los m\u00e9dicos, a todo el personal de salud\u201d.<\/p>\n\n\n\n<p>Los m\u00e9dicos est\u00e1n preocupados por la posibilidad de que se registre una tercera ola de contagios de coronavirus.<\/p>\n\n\n\n<p>Los m\u00e9dicos se movilizaron tambi\u00e9n en las ciudades de Veracruz y Orizaba por el mismo motivo.<\/p>\n","protected":false},"excerpt":{"rendered":"<p>Juan Arcos Xalapa, Ver.- M\u00e9dicos de hospitales COVID-19 denunciaron que no ha sido vacunado todo el personal del Sector Salud que atiende a pacientes con esta enfermedad, situaci\u00f3n que los pone en peligro. Un grupo de ellos se manifest\u00f3 afuera del Teatro del Estado \u201cIgnacio de la Llave\u201d y sum\u00f3 a la ola de protestas [&hellip;]<\/p>\n","protected":false},"author":1,"featured_media":12950,"comment_status":"open","ping_status":"open","sticky":false,"template":"","format":"standard","meta":{"_jetpack_memberships_contains_paid_content":false,"footnotes":""},"categories":[9],"tags":[],"class_list":["post-12949","post","type-post","status-publish","format-standard","has-post-thumbnail","hentry","category-salud"],"jetpack_featured_media_url":"https:\/\/encuentroinformativo.com.mx\/wp-content\/uploads\/2021\/04\/8173B9E7-5674-4146-BDE9-BBC7DEADD896.jpeg","jetpack_sharing_enabled":true,"jetpack_likes_enabled":true,"amp_enabled":true,"_links":{"self":[{"href":"https:\/\/encuentroinformativo.com.mx\/index.php?rest_route=\/wp\/v2\/posts\/12949","targetHints":{"allow":["GET"]}}],"collection":[{"href":"https:\/\/encuentroinformativo.com.mx\/index.php?rest_route=\/wp\/v2\/posts"}],"about":[{"href":"https:\/\/encuentroinformativo.com.mx\/index.php?rest_route=\/wp\/v2\/types\/post"}],"author":[{"embeddable":true,"href":"https:\/\/encuentroinformativo.com.mx\/index.php?rest_route=\/wp\/v2\/users\/1"}],"replies":[{"embeddable":true,"href":"https:\/\/encuentroinformativo.com.mx\/index.php?rest_route=%2Fwp%2Fv2%2Fcomments&post=12949"}],"version-history":[{"count":1,"href":"https:\/\/encuentroinformativo.com.mx\/index.php?rest_route=\/wp\/v2\/posts\/12949\/revisions"}],"predecessor-version":[{"id":12951,"href":"https:\/\/encuentroinformativo.com.mx\/index.php?rest_route=\/wp\/v2\/posts\/12949\/revisions\/12951"}],"wp:featuredmedia":[{"embeddable":true,"href":"https:\/\/encuentroinformativo.com.mx\/index.php?rest_route=\/wp\/v2\/media\/12950"}],"wp:attachment":[{"href":"https:\/\/encuentroinformativo.com.mx\/index.php?rest_route=%2Fwp%2Fv2%2Fmedia&parent=12949"}],"wp:term":[{"taxonomy":"category","embeddable":true,"href":"https:\/\/encuentroinformativo.com.mx\/index.php?rest_route=%2Fwp%2Fv2%2Fcategories&post=12949"},{"taxonomy":"post_tag","embeddable":true,"href":"https:\/\/encuentroinformativo.com.mx\/index.php?rest_route=%2Fwp%2Fv2%2Ftags&post=12949"}],"curies":[{"name":"wp","href":"https:\/\/api.w.org\/{rel}","templated":true}]}}